{"id":42684,"date":"2013-06-01T12:36:20","date_gmt":"2013-06-01T10:36:20","guid":{"rendered":"http:\/\/www.sorubak.com\/blog\/?p=42684"},"modified":"2013-05-31T12:39:26","modified_gmt":"2013-05-31T10:39:26","slug":"9-sinif-tarih-2-donem-2-yazili-sorulari-2012-2013","status":"publish","type":"post","link":"https:\/\/www.sorubak.com\/blog\/9-sinif-tarih-2-donem-2-yazili-sorulari-2012-2013.html","title":{"rendered":"9.s\u0131n\u0131f tarih 2.d\u00f6nem 2.yaz\u0131l\u0131 sorular\u0131 2012-2013"},"content":{"rendered":"<p style=\"text-align: center;\">Yaz\u0131l\u0131n\u0131n G\u00f6rselli ve Tam Halini \u0130ndirmek \u0130\u00e7in <strong><span style=\"color: #ff0000;\"><a href=\"http:\/\/www.sorubak.com\/9sinif-tarih-2donem-2yazili-sorulari-20122013_56898.htm\" target=\"_blank\"><span style=\"color: #ff0000;\">TIKLAYINIZ<\/span><\/a><\/span><\/strong><\/p>\n<div>\n<p>GEBEN \u015eEH\u0130T RAMAZAN AVCI L\u0130SES\u0130 2012\/13 E\u011e\u0130T\u0130M \u00d6\u011eRET\u0130M YILI TAR\u0130H 9 &#8211; 2.D\u00d6NEM 2. YAZILI SINAVI<\/p>\n<\/div>\n<p><b>1. B\u00fcy\u00fck Sel\u00e7uklu Devletini kim kurmu\u015ftur?<\/b><\/p>\n<p>A)Ali\u00a0\u00a0\u00a0\u00a0\u00a0 B)Veli\u00a0\u00a0\u00a0\u00a0\u00a0 C)Konya\u00a0\u00a0\u00a0\u00a0 D)Sen\u00a0\u00a0\u00a0\u00a0\u00a0 E)Sel\u00e7uk Bey<\/p>\n<p><b>2. Malazgirt Sava\u015f\u0131n\u0131 kim kazanm\u0131\u015ft\u0131r?<\/b><\/p>\n<p>A)Bizans\u00a0 B)Japonya\u00a0 C)Kanada\u00a0\u00a0 D)ABD\u00a0\u00a0 E)Sel\u00e7uklular<\/p>\n<p><b>3.<\/b> <b>A\u015fa\u011f\u0131dakilerden hangisi Anadolu\u2019da kurulan I.Beyliklerden <span style=\"text-decoration: underline;\">de\u011fildir?<\/span><\/b><\/p>\n<p>A)Saltuklular\u00a0\u00a0\u00a0\u00a0 B)Dani\u015fmendliler\u00a0\u00a0\u00a0\u00a0\u00a0 C)Meng\u00fccekler<\/p>\n<p>D)Artuklular\u00a0\u00a0\u00a0\u00a0\u00a0\u00a0\u00a0\u00a0\u00a0\u00a0\u00a0\u00a0\u00a0 E)Somali<\/p>\n<p><b>4.<\/b> <b>T\u00fcrkiye Sel\u00e7uklu devletini kim kurmu\u015ftur?<\/b><\/p>\n<p>A)Ali\u00a0\u00a0\u00a0\u00a0 B)Veli\u00a0\u00a0\u00a0 C)Konya\u00a0\u00a0\u00a0 D)S\u00fcleyman \u015eah\u00a0\u00a0 E) Sen<\/p>\n<p>&nbsp;<\/p>\n<p><b>5.T\u00fcrkiye Sel\u00e7uklu devletinin en parlak d\u00f6nemi kimin zaman\u0131d\u0131r?<\/b><\/p>\n<p>A)Ali\u00a0 B)Veli C)I.Alaaddin Keykubad D)Konya\u00a0 E)Sen<\/p>\n<p>&nbsp;<\/p>\n<p><b>6.<\/b> <b>Elbistan kimin zaman\u0131nda T\u00fcrkiye Sel\u00e7uklu devletine kazand\u0131r\u0131lm\u0131\u015ft\u0131r?<\/b><\/p>\n<p>A)Ali\u00a0\u00a0\u00a0\u00a0\u00a0 B)Veli\u00a0\u00a0\u00a0\u00a0 C)I.Mesut\u00a0\u00a0\u00a0\u00a0\u00a0 D)Konya\u00a0\u00a0\u00a0\u00a0\u00a0\u00a0 E)Sen<\/p>\n<p>&nbsp;<\/p>\n<p><b>7. B\u00fcy\u00fck Sel\u00e7uklu Devletinin son h\u00fck\u00fcmdar\u0131 kimdir?<\/b><\/p>\n<p>A)Ali\u00a0\u00a0\u00a0\u00a0\u00a0 B)Veli\u00a0\u00a0\u00a0\u00a0\u00a0\u00a0 C)Konya\u00a0\u00a0\u00a0\u00a0 D)Sencer\u00a0\u00a0\u00a0\u00a0\u00a0 E)Sen<\/p>\n<p>&nbsp;<\/p>\n<p><b>8.<\/b> <b>A\u015fa\u011f\u0131dakilerden hangisi T\u00fcrkiye Sel\u00e7uklu Devletinde uc te\u015fkilat\u0131 olu\u015fturulmas\u0131n\u0131n sonu\u00e7lar\u0131nda biri <span style=\"text-decoration: underline;\">de\u011fildir<\/span>?<\/b><\/p>\n<p>A)T\u00fcrkmenlerin yerle\u015fik unsurlara zarar vermesini engellemek<\/p>\n<p>B) Uclardaki T\u00fcrkmenlerden vergi almak<\/p>\n<p>C) T\u00fcrkmenlerin s\u0131n\u0131r g\u00fcvenli\u011fini sa\u011flamas\u0131<\/p>\n<p>D) Fedaratif yap\u0131y\u0131 yok etmek<\/p>\n<p>E) Zor durumda kalan T\u00fcrkmenlere yard\u0131mc\u0131 olmak<\/p>\n<p>&nbsp;<\/p>\n<p><b>9.A\u015fa\u011f\u0131dakilerden hangisi T\u00fcrkiye Sel\u00e7uklu Devletinde ticareti geli\u015ftirmek i\u00e7in\u00a0 <span style=\"text-decoration: underline;\">yap\u0131lmam\u0131\u015ft\u0131r?<\/span><\/b><\/p>\n<p>A) Yabanc\u0131 t\u00fcccarlara d\u00fc\u015f\u00fck g\u00fcmr\u00fck uyguland\u0131<\/p>\n<p>B) Mo\u011fol tehlikesine kar\u015f\u0131 \u00f6nlem al\u0131nd\u0131<\/p>\n<p>C)Yabanc\u0131lar Anadolu \u015fehirlerine yerle\u015ftirildi<\/p>\n<p>D)T\u00fcrkler K\u0131br\u0131s, Suriye ve K\u0131r\u0131m\u2019a yerle\u015ftirildi<\/p>\n<p>E) Kervansaraylar yap\u0131ld\u0131<\/p>\n<p>&nbsp;<\/p>\n<p><b>10. A\u015fa\u011f\u0131dakilerden hangisi Tala\u015f Sava\u015f\u0131&#8217;n\u0131n sonu\u00e7lar\u0131ndan birisi <span style=\"text-decoration: underline;\">de\u011fildir<\/span>?<\/b><b><\/b><\/p>\n<p>A) K\u00e2\u011f\u0131t ve matbaan\u0131n Avrupal\u0131lar taraf\u0131ndan kullan\u0131lmas\u0131<\/p>\n<p>B) Karluklar\u0131n \u0130slamiyet\u2019i kabul etmesi<\/p>\n<p>C) Bat\u0131 T\u00fcrkistan&#8217;\u0131n \u00c7in bask\u0131s\u0131ndan kurtulmas\u0131<\/p>\n<p>D) Abbasi Devleti&#8217;nde T\u00fcrklerin siyasi ve askeri alanda etkinlik kazanmas\u0131<\/p>\n<p>E) \u00c7in&#8217;in bat\u0131ya ilerleyi\u015finin durdurulmas\u0131<\/p>\n<p>&nbsp;<\/p>\n<p><b>11.<\/b> Hz. Muhammed; siyasi, askeri ve adli yetkileri kendisinde toplam\u0131\u015ft\u0131. Emirleri kanun olarak kabul edilirdi. Kurdu\u011fu \u0130slam devletinde siyasi ve dini g\u00f6revleri b\u00fct\u00fcnl\u00fck arz etmi\u015ftir.<\/p>\n<p><b>Bu bilgilere g\u00f6re a\u015fa\u011f\u0131daki yarg\u0131lardan hangisine <span style=\"text-decoration: underline;\">var\u0131lamaz<\/span>?<\/b><b><\/b><\/p>\n<p>A) S\u0131n\u0131f farkl\u0131l\u0131klar\u0131 devam etmektedir<\/p>\n<p>B) Teokratik devlet anlay\u0131\u015f\u0131 hakimdir.<\/p>\n<p>C) Merkezi otorite tek ki\u015fide toplanm\u0131\u015ft\u0131r.<\/p>\n<p>D) Yasama ve yarg\u0131 tek elden y\u00fcr\u00fct\u00fclmektedir.<\/p>\n<p>E) Halk\u0131n y\u00f6netime kat\u0131lma hakk\u0131 yoktur.<\/p>\n<p><b>12.<\/b> Anadolu&#8217;ya de\u011fi\u015fik zamanlarda yo\u011fun olarak T\u00fcrkmen g\u00f6\u00e7leri yap\u0131lm\u0131\u015ft\u0131r.<\/p>\n<p><b>A\u015fa\u011f\u0131dakilerden hangisi Anadolu&#8217;ya yap\u0131lan T\u00fcrkmen g\u00f6\u00e7lerinin yo\u011funla\u015fmas\u0131 \u00fczerinde etkili <span style=\"text-decoration: underline;\">olmam\u0131\u015ft\u0131r?<\/span><\/b><\/p>\n<p>A) Bizans&#8217;\u0131n T\u00fcrklere kar\u015f\u0131 Ha\u00e7l\u0131lardan yard\u0131m istemesi<\/p>\n<p>B) Malazgirt Sava\u015f\u0131&#8217;n\u0131n kazan\u0131lmas\u0131<\/p>\n<p>C) Katvan Sava\u015f\u0131&#8217;nda B\u00fcy\u00fck Sel\u00e7uklu Devleti&#8217;nin yenilmesi<\/p>\n<p>D) Mo\u011follar\u0131n bat\u0131ya do\u011fru ilerlemesi<\/p>\n<p>E) Anadolu&#8217;nun T\u00fcrkmenler i\u00e7in elveri\u015fli bir yer olmas\u0131<\/p>\n<p>&nbsp;<\/p>\n<p><b>13. Karahanl\u0131lar\u0131n, Do\u011fu ve Bat\u0131 Karahanl\u0131lar olarak ikiye ayr\u0131lmas\u0131 a\u015fa\u011f\u0131dakilerden hangisinin bir g\u00f6stergesi olarak kabul edilebilir?<\/b><b><\/b><\/p>\n<p>A) Sel\u00e7uklular ile sava\u015f\u0131ld\u0131\u011f\u0131n\u0131n<\/p>\n<p>B) T\u00fcrk\u00e7e\u2019nin resmi dil olarak kullan\u0131ld\u0131\u011f\u0131n\u0131n<\/p>\n<p>C) \u00dclkenin hanedan\u0131n ortak mal\u0131 olarak kabul edildi\u011finin<\/p>\n<p>D) Mavera\u00fcnnehir&#8217;e egemen oldu\u011funun<\/p>\n<p>E) \u0130lk T\u00fcrk-\u0130slam devleti oldu\u011funun<\/p>\n<p><b>14. <\/b><i>Anadolu Sel\u00e7uklular\u0131 d\u00f6neminde yap\u0131lan;<\/i><\/p>\n<p>\u2014 Miryokefalon \u2014 Yass\u0131\u00e7emen\u00a0 \u2014 K\u00f6seda\u011f\u0131<\/p>\n<p><b>gibi sava\u015flar ve sonu\u00e7lar\u0131 dikkate al\u0131nd\u0131\u011f\u0131nda a\u015fa\u011f\u0131dakilerden hangisi <span style=\"text-decoration: underline;\">savunulamaz<\/span>?<\/b><\/p>\n<p>A) Bizans&#8217;\u0131n Anadolu&#8217;yu geri alma umudu sona ermi\u015ftir.<\/p>\n<p>B) Anadolu&#8217;daki T\u00fcrk egemenli\u011fi kesinle\u015fmi\u015ftir.<\/p>\n<p>C) Bizans \u0130mparatorlu\u011fu T\u00fcrklere kar\u015f\u0131 Avrupa&#8217;dan yard\u0131m istemi\u015ftir.<\/p>\n<p>D) Anadolu Mo\u011follar\u0131n tehdidi alt\u0131na girmi\u015ftir.<\/p>\n<p>E) Anadolu T\u00fcrk siyasi birli\u011fi da\u011f\u0131lm\u0131\u015ft\u0131r.<\/p>\n<p><b>15.<\/b> Anadolu Sel\u00e7uklu Devleti&#8217;nde y\u00f6netimde &#8220;\u00dclke hanedan\u0131n ortak mal\u0131d\u0131r.&#8221; anlay\u0131\u015f\u0131 s\u00fcrd\u00fcr\u00fclm\u00fc\u015ft\u00fcr.<\/p>\n<p><b>A\u015fa\u011f\u0131dakilerden hangisi, bu duruma bir kan\u0131t olarak g\u00f6sterilebilir?<\/b><\/p>\n<p>A) Sava\u015flarda ba\u015far\u0131l\u0131 olan komutanlara toprak geliri verilmesi<\/p>\n<p>B) Vezirlik makam\u0131n\u0131n olu\u015fturulmas\u0131<\/p>\n<p>C) Meliklerin Atabeylerle birlikte eyaletlere g\u00f6nderilmesi<\/p>\n<p>D) Hassa ordusunun kurulmas\u0131<\/p>\n<p>E) II. K\u0131l\u0131\u00e7 Arslan&#8217;\u0131n \u00f6lmeden \u00f6nce \u00fclkeyi on bir o\u011flu aras\u0131nda pay etmesi<\/p>\n<p>&nbsp;<\/p>\n<p><b>16. Orta\u00e7a\u011f\u2019da Avrupa toplumlar\u0131n\u0131n soylular, rahipler, burjuvalar ve k\u00f6yl\u00fcler olmak \u00fczere s\u0131n\u0131flara ayr\u0131lmas\u0131 a\u015fa\u011f\u0131dakilerden hangisini g\u00f6stermektedir?<\/b><\/p>\n<p>A) \u015eehirli s\u0131n\u0131f\u0131n ticaretle u\u011fra\u015ft\u0131\u011f\u0131n\u0131<\/p>\n<p>B) Halk\u0131n ya\u015fam d\u00fczeyinin y\u00fcksek oldu\u011funu<\/p>\n<p>C) Din adamlar\u0131n\u0131n yetkilerine g\u00f6re s\u0131n\u0131flara ayr\u0131ld\u0131\u011f\u0131n\u0131<\/p>\n<p>D) Halk aras\u0131nda e\u015fitsizlik oldu\u011funu<\/p>\n<p>E) Halk aras\u0131nda belli mesleklere \u00f6nem verildi\u011fini<\/p>\n<p>&nbsp;<\/p>\n<p><b>17.<\/b> <b>Malazgirt Sava\u015f\u0131\u2019ndan sonra merkezi Sivas olmak<\/b><\/p>\n<p><b>\u00fczere Orta Anadolu\u2019da kurulan ve d\u00f6nemin \u00f6nemli<\/b><\/p>\n<p><b>e\u011fitim kurumlar\u0131ndan biri olan Niksar\u2019daki Ya\u011f\u0131basan<\/b><\/p>\n<p><b>Medresesini kuran beylik a\u015fa\u011f\u0131dakilerden hangisidir?<\/b><\/p>\n<p>A) Saltuklular\u00a0\u00a0\u00a0\u00a0\u00a0\u00a0\u00a0\u00a0\u00a0\u00a0\u00a0\u00a0\u00a0 B) Meng\u00fccekliler<\/p>\n<p>C) Artuklular\u00a0\u00a0\u00a0\u00a0\u00a0\u00a0\u00a0\u00a0\u00a0\u00a0\u00a0\u00a0\u00a0\u00a0\u00a0 D) Dani\u015fmentliler<\/p>\n<p>E) Hamito\u011fullar\u0131<\/p>\n<p>&nbsp;<\/p>\n<p><b>18.<\/b> <b>\u0130slam devletinde HZ Muhammetten sonra devlet ba\u015fkan\u0131 olan ki\u015fiye Halife san\u0131 verilmi\u015ftir. Ancak D\u00f6rt Halife d\u00f6neminin ard\u0131ndan halifenin dini ve siyasi otoritesi islam d\u00fcnyas\u0131n\u0131n t\u00fcm\u00fcnde kabul g\u00f6rmemi\u015ftir.\u00a0<\/b><\/p>\n<p><strong><i>Buna \u0130slam tarihinde g\u00f6r\u00fclen<\/i><\/strong><i><\/i><\/p>\n<p>I- \u00a0Emevi Halifelerinin g\u00fctt\u00fc\u011f\u00fc Arap Milliyet\u00e7ili\u011fi siyasetine kar\u015f\u0131 tepkilerin ortaya \u00e7\u0131kmas\u0131<\/p>\n<p>II- Abbasiler Fatimiler ve End\u00fcl\u00fcs \u00a0Emevilerinde olmak \u00fczere ayn\u0131 anda \u00fc\u00e7 halifenin olmas\u0131<\/p>\n<p>III- D\u00f6rt Halife d\u00f6neminde Kuran-\u0131 Kerimin Kitap haline getirilmesi ve \u00e7o\u011falt\u0131lmas\u0131<\/p>\n<p><i>gibi yukar\u0131da ki \u015fartlardan hangileri olmu\u015ftur?<\/i><i><\/i><\/p>\n<p>A)Yaln\u0131z III\u00a0\u00a0 \u00a0B)I ve II\u00a0\u00a0\u00a0\u00a0\u00a0 C)Yaln\u0131z II\u00a0\u00a0 \u00a0\u00a0D)Yaln\u0131z I\u00a0\u00a0\u00a0\u00a0 E)II ve III<\/p>\n<p>&nbsp;<\/p>\n<p><b>19.<\/b> \u0130slam tarihinde ikta sistemini \u2026\u2026\u2026\u2026\u2026\u2026.kurdu<\/p>\n<p>&nbsp;<\/p>\n<p><b>20.<\/b>T\u00fcrkiye Sel\u00e7uklu Devletinin y\u0131k\u0131lmas\u0131na sebep olan sava\u015f\u00a0 \u2026\u2026\u2026\u2026\u2026\u2026\u2026\u2026..sava\u015f\u0131d\u0131r.<\/p>\n<p><b>21.<\/b>Gaznelilerin kurucusu \u2026\u2026\u2026\u2026\u2026\u2026\u2026\u2026\u2026<\/p>\n<p><b>22.<\/b>Celali takvimi \u2026\u2026\u2026\u2026\u2026\u2026\u2026d\u00f6neminde yap\u0131ld\u0131<\/p>\n<p><b>23.<\/b> Amac\u0131ndan sapm\u0131\u015f olan ha\u00e7l\u0131 seferi \u2026\u2026\u2026\u2026\u2026\u2026.<\/p>\n<p><b>24.<\/b> Mo\u011follar \u2026\u2026\u2026\u2026\u2026sava\u015f\u0131ndan sonra Anadolu\u2019ya hakim olmu\u015flard\u0131r.<\/p>\n<p><b>25.<\/b> Aforoz:\u2026\u2026\u2026\u2026\u2026\u2026\u2026\u2026\u2026\u2026\u2026\u2026\u2026\u2026\u2026\u2026\u2026..<\/p>\n<p>Enterti:\u2026\u2026\u2026\u2026\u2026\u2026\u2026\u2026\u2026\u2026\u2026\u2026\u2026\u2026\u2026\u2026\u2026\u2026\u2026<\/p>\n<p><b>\u00a0<\/b><\/p>\n<p><b>26. Ha\u00e7l\u0131 Seferlerinin sebeplerini yaz\u0131n\u0131z?<\/b><\/p>\n<p><b>27. Malazgirt sava\u015f\u0131 sonras\u0131nda Alparslan\u2019\u0131n \u201cGidin toprak fethedin, toprak fethedenin mal\u0131d\u0131r\u201d s\u00f6z\u00fcn\u00fc de\u011ferlendiriniz?<\/b><\/p>\n<p>(Not:<i>1 \u2013 25. sorular 3, 26. Soru 13,27. Soru 12 puand\u0131r)<\/i><\/p>\n<p>Cevap Anahtar\u0131\u00a0\u00a0\u00a0\u00a0\u00a0\u00a0\u00a0\u00a0\u00a0\u00a0\u00a0\u00a0\u00a0\u00a0\u00a0\u00a0\u00a0\u00a0\u00a0\u00a0\u00a0\u00a0\u00a0\u00a0\u00a0\u00a0 Tarih \u00d6\u011fretmeni<\/p>\n<table border=\"1\" cellspacing=\"0\" cellpadding=\"0\" align=\"left\">\n<tbody>\n<tr>\n<td valign=\"top\">1<\/td>\n<td valign=\"top\">A<\/td>\n<td valign=\"top\">B<\/td>\n<td valign=\"top\">C<\/td>\n<td valign=\"top\">D<\/td>\n<td valign=\"top\">E<\/td>\n<\/tr>\n<tr>\n<td valign=\"top\">2<\/td>\n<td valign=\"top\">A<\/td>\n<td valign=\"top\">B<\/td>\n<td valign=\"top\">C<\/td>\n<td valign=\"top\">D<\/td>\n<td valign=\"top\">E<\/td>\n<\/tr>\n<tr>\n<td valign=\"top\">3<\/td>\n<td valign=\"top\">A<\/td>\n<td valign=\"top\">B<\/td>\n<td valign=\"top\">C<\/td>\n<td valign=\"top\">D<\/td>\n<td valign=\"top\">E<\/td>\n<\/tr>\n<tr>\n<td valign=\"top\">4<\/td>\n<td valign=\"top\">A<\/td>\n<td valign=\"top\">B<\/td>\n<td valign=\"top\">C<\/td>\n<td valign=\"top\">D<\/td>\n<td valign=\"top\">E<\/td>\n<\/tr>\n<tr>\n<td valign=\"top\">5<\/td>\n<td valign=\"top\">A<\/td>\n<td valign=\"top\">B<\/td>\n<td valign=\"top\">C<\/td>\n<td valign=\"top\">D<\/td>\n<td valign=\"top\">E<\/td>\n<\/tr>\n<tr>\n<td valign=\"top\">6<\/td>\n<td valign=\"top\">A<\/td>\n<td valign=\"top\">B<\/td>\n<td valign=\"top\">C<\/td>\n<td valign=\"top\">D<\/td>\n<td valign=\"top\">E<\/td>\n<\/tr>\n<tr>\n<td valign=\"top\">7<\/td>\n<td valign=\"top\">A<\/td>\n<td valign=\"top\">B<\/td>\n<td valign=\"top\">C<\/td>\n<td valign=\"top\">D<\/td>\n<td valign=\"top\">E<\/td>\n<\/tr>\n<tr>\n<td valign=\"top\">8<\/td>\n<td valign=\"top\">A<\/td>\n<td valign=\"top\">B<\/td>\n<td valign=\"top\">C<\/td>\n<td valign=\"top\">D<\/td>\n<td valign=\"top\">E<\/td>\n<\/tr>\n<tr>\n<td valign=\"top\">9<\/td>\n<td valign=\"top\">A<\/td>\n<td valign=\"top\">B<\/td>\n<td valign=\"top\">C<\/td>\n<td valign=\"top\">D<\/td>\n<td valign=\"top\">E<\/td>\n<\/tr>\n<tr>\n<td valign=\"top\">10<\/td>\n<td valign=\"top\">A<\/td>\n<td valign=\"top\">B<\/td>\n<td valign=\"top\">C<\/td>\n<td valign=\"top\">D<\/td>\n<td valign=\"top\">E<\/td>\n<\/tr>\n<tr>\n<td valign=\"top\">11<\/td>\n<td valign=\"top\">A<\/td>\n<td valign=\"top\">B<\/td>\n<td valign=\"top\">C<\/td>\n<td valign=\"top\">D<\/td>\n<td valign=\"top\">E<\/td>\n<\/tr>\n<tr>\n<td valign=\"top\">12<\/td>\n<td valign=\"top\">A<\/td>\n<td valign=\"top\">B<\/td>\n<td valign=\"top\">C<\/td>\n<td valign=\"top\">D<\/td>\n<td valign=\"top\">E<\/td>\n<\/tr>\n<tr>\n<td valign=\"top\">13<\/td>\n<td valign=\"top\">A<\/td>\n<td valign=\"top\">B<\/td>\n<td valign=\"top\">C<\/td>\n<td valign=\"top\">D<\/td>\n<td valign=\"top\">E<\/td>\n<\/tr>\n<tr>\n<td valign=\"top\">14<\/td>\n<td valign=\"top\">A<\/td>\n<td valign=\"top\">B<\/td>\n<td valign=\"top\">C<\/td>\n<td valign=\"top\">D<\/td>\n<td valign=\"top\">E<\/td>\n<\/tr>\n<tr>\n<td valign=\"top\">15<\/td>\n<td valign=\"top\">A<\/td>\n<td valign=\"top\">B<\/td>\n<td valign=\"top\">C<\/td>\n<td valign=\"top\">D<\/td>\n<td valign=\"top\">E<\/td>\n<\/tr>\n<tr>\n<td valign=\"top\">16<\/td>\n<td valign=\"top\">A<\/td>\n<td valign=\"top\">B<\/td>\n<td valign=\"top\">C<\/td>\n<td valign=\"top\">D<\/td>\n<td valign=\"top\">E<\/td>\n<\/tr>\n<tr>\n<td valign=\"top\">17<\/td>\n<td valign=\"top\">A<\/td>\n<td valign=\"top\">B<\/td>\n<td valign=\"top\">C<\/td>\n<td valign=\"top\">D<\/td>\n<td valign=\"top\">E<\/td>\n<\/tr>\n<tr>\n<td valign=\"top\">18<\/td>\n<td valign=\"top\">A<\/td>\n<td valign=\"top\">B<\/td>\n<td valign=\"top\">C<\/td>\n<td valign=\"top\">D<\/td>\n<td valign=\"top\">E<\/td>\n<\/tr>\n<\/tbody>\n<\/table>\n<p>Ba\u015far\u0131lar<\/p>\n<p>&nbsp;<\/p>\n<p>&nbsp;<\/p>\n<p>&nbsp;<\/p>\n<p>&nbsp;<\/p>\n<p>&nbsp;<\/p>\n<p>&nbsp;<\/p>\n<p>&nbsp;<\/p>\n<p>&nbsp;<\/p>\n<p style=\"text-align: center;\">Yaz\u0131l\u0131n\u0131n G\u00f6rselli ve Tam Halini \u0130ndirmek \u0130\u00e7in <strong><span style=\"color: #ff0000;\"><a href=\"http:\/\/www.sorubak.com\/9sinif-tarih-2donem-2yazili-sorulari-20122013_56898.htm\" target=\"_blank\"><span style=\"color: #ff0000;\">TIKLAYINIZ<\/span><\/a><\/span><\/strong><\/p>\n","protected":false},"excerpt":{"rendered":"<p>Yaz\u0131l\u0131n\u0131n G\u00f6rselli ve Tam Halini \u0130ndirmek \u0130\u00e7in TIKLAYINIZ GEBEN \u015eEH\u0130T RAMAZAN AVCI L\u0130SES\u0130 2012\/13 E\u011e\u0130T\u0130M \u00d6\u011eRET\u0130M YILI TAR\u0130H 9 &#8211; 2.D\u00d6NEM 2. YAZILI SINAVI 1. B\u00fcy\u00fck Sel\u00e7uklu Devletini kim kurmu\u015ftur? A)Ali\u00a0\u00a0\u00a0\u00a0\u00a0 B)Veli\u00a0\u00a0\u00a0\u00a0\u00a0 C)Konya\u00a0\u00a0\u00a0\u00a0 D)Sen\u00a0\u00a0\u00a0\u00a0\u00a0 E)Sel\u00e7uk Bey 2. Malazgirt Sava\u015f\u0131n\u0131 kim kazanm\u0131\u015ft\u0131r? A)Bizans\u00a0 B)Japonya\u00a0 C)Kanada\u00a0\u00a0 D)ABD\u00a0\u00a0 E)Sel\u00e7uklular 3. A\u015fa\u011f\u0131dakilerden hangisi Anadolu\u2019da kurulan I.Beyliklerden de\u011fildir? A)Saltuklular\u00a0\u00a0\u00a0\u00a0 B)Dani\u015fmendliler\u00a0\u00a0\u00a0\u00a0\u00a0 &#8230; <a title=\"9.s\u0131n\u0131f tarih 2.d\u00f6nem 2.yaz\u0131l\u0131 sorular\u0131 2012-2013\" class=\"read-more\" href=\"https:\/\/www.sorubak.com\/blog\/9-sinif-tarih-2-donem-2-yazili-sorulari-2012-2013.html\" aria-label=\"More on 9.s\u0131n\u0131f tarih 2.d\u00f6nem 2.yaz\u0131l\u0131 sorular\u0131 2012-2013\">Devam\u0131n\u0131 oku&#8230;<\/a><\/p>\n","protected":false},"author":1686,"featured_media":0,"comment_status":"open","ping_status":"open","sticky":false,"template":"","format":"standard","meta":{"footnotes":""},"categories":[13370],"tags":[16418,16416,16417],"class_list":["post-42684","post","type-post","status-publish","format-standard","hentry","category-yazili-sorulari","tag-9-sinif-tarih-2-donem-2-yazili-sorulari","tag-9-sinif-tarih-2-donem-2-yazili-sorulari-2012-2013","tag-9-sinif-tarih-2-donem-2-yazili-sorulari-2013"],"_links":{"self":[{"href":"https:\/\/www.sorubak.com\/blog\/wp-json\/wp\/v2\/posts\/42684","targetHints":{"allow":["GET"]}}],"collection":[{"href":"https:\/\/www.sorubak.com\/blog\/wp-json\/wp\/v2\/posts"}],"about":[{"href":"https:\/\/www.sorubak.com\/blog\/wp-json\/wp\/v2\/types\/post"}],"author":[{"embeddable":true,"href":"https:\/\/www.sorubak.com\/blog\/wp-json\/wp\/v2\/users\/1686"}],"replies":[{"embeddable":true,"href":"https:\/\/www.sorubak.com\/blog\/wp-json\/wp\/v2\/comments?post=42684"}],"version-history":[{"count":0,"href":"https:\/\/www.sorubak.com\/blog\/wp-json\/wp\/v2\/posts\/42684\/revisions"}],"wp:attachment":[{"href":"https:\/\/www.sorubak.com\/blog\/wp-json\/wp\/v2\/media?parent=42684"}],"wp:term":[{"taxonomy":"category","embeddable":true,"href":"https:\/\/www.sorubak.com\/blog\/wp-json\/wp\/v2\/categories?post=42684"},{"taxonomy":"post_tag","embeddable":true,"href":"https:\/\/www.sorubak.com\/blog\/wp-json\/wp\/v2\/tags?post=42684"}],"curies":[{"name":"wp","href":"https:\/\/api.w.org\/{rel}","templated":true}]}}