{"id":42617,"date":"2013-05-28T15:31:44","date_gmt":"2013-05-28T13:31:44","guid":{"rendered":"http:\/\/www.sorubak.com\/blog\/?p=42617"},"modified":"2013-05-28T15:31:44","modified_gmt":"2013-05-28T13:31:44","slug":"6-sinif-din-dersi-2-donem-2-yazili-29-mayis-2013","status":"publish","type":"post","link":"https:\/\/www.sorubak.com\/blog\/6-sinif-din-dersi-2-donem-2-yazili-29-mayis-2013.html","title":{"rendered":"6.s\u0131n\u0131f din dersi 2.d\u00f6nem 2.yaz\u0131l\u0131 29 May\u0131s 2013"},"content":{"rendered":"<p style=\"text-align: center;\">Yaz\u0131l\u0131n\u0131n G\u00f6rselli ve Tam Halini \u0130ndirmek \u0130\u00e7in <strong><span style=\"color: #ff0000;\"><a href=\"http:\/\/www.sorubak.com\/6sinif-din-dersi-2donem-2yazili-20122013_56958.htm\" target=\"_blank\"><span style=\"color: #ff0000;\">TIKLAYINIZ<\/span><\/a><\/span><\/strong><\/p>\n<p align=\"center\">2012\/2013 E\u011e\u0130T\u0130M \u00d6\u011eRET\u0130M YILI<\/p>\n<p align=\"center\">\u2026\u2026\u2026\u2026\u2026 \u0130LK\u00d6\u011eRET\u0130M OKULU, 6\/A SINIFI<\/p>\n<p align=\"center\">D\u0130N K\u00dcLT\u00dcR\u00dc VE AHLAK B\u0130LG\u0130S\u0130 DERS\u0130<\/p>\n<p align=\"center\">2. D\u00d6NEM, 2. YAZILI YOKLAMA<\/p>\n<p align=\"center\">\n<p align=\"center\">SORULAR<\/p>\n<p align=\"center\">\n<p>1)\u00a0\u00a0\u00a0\u00a0\u00a0 A\u015fa\u011f\u0131dakilerden hangisi Kur\u2019an\u2019\u0131n \u00f6\u011f\u00fctlerinden de\u011fildir? <a href=\"http:\/\/www.sorubak.com\/\">www.sorubak.com<\/a><\/p>\n<p>a)\u00a0\u00a0\u00a0\u00a0\u00a0 Allah\u2019\u0131n ad\u0131n\u0131 anmak<\/p>\n<p>b)\u00a0\u00a0\u00a0\u00a0\u00a0 \u0130nsanlar\u0131n hat\u0131r\u0131n\u0131 sormak<\/p>\n<p>c)\u00a0\u00a0\u00a0\u00a0\u00a0 Ba\u015fkalar\u0131n arkas\u0131ndan konu\u015fmak,<\/p>\n<p>d)\u00a0\u00a0\u00a0\u00a0 Adaletli ve d\u00fcr\u00fcst olmak<\/p>\n<p>&nbsp;<\/p>\n<p>2)\u00a0\u00a0\u00a0\u00a0\u00a0 \u0130slam dininin temel kayna\u011f\u0131 nedir?<\/p>\n<p>&nbsp;<\/p>\n<p>a) Duygular\u0131m\u0131z\u00a0\u00a0\u00a0\u00a0\u00a0\u00a0\u00a0\u00a0 b) Akl\u0131m\u0131z<\/p>\n<p>c) \u0130lmihal\u00a0\u00a0\u00a0\u00a0\u00a0\u00a0\u00a0\u00a0\u00a0\u00a0\u00a0\u00a0\u00a0 \u00a0\u00a0\u00a0\u00a0 d) Kur\u2019an<\/p>\n<p>&nbsp;<\/p>\n<p>3)\u00a0\u00a0\u00a0\u00a0\u00a0 A\u015fa\u011f\u0131dakilerden hangisi Kur\u2019an\u2019\u0131n iyiye ve g\u00fczele y\u00f6nlendirdi\u011fini ifade eden ayetlerden de\u011fildir?<\/p>\n<p>&nbsp;<\/p>\n<p>a)\u00a0\u00a0\u00a0\u00a0\u00a0 K\u00f6t\u00fcl\u00fcklerin a\u00e7\u0131\u011f\u0131na da gizlisine de yakla\u015fmay\u0131n<\/p>\n<p>b)\u00a0\u00a0\u00a0\u00a0\u00a0 Ey iman edenler! Kazand\u0131klar\u0131n\u0131z\u0131n iyilerinden ve r\u0131z\u0131k olarak yerden size \u00e7\u0131kard\u0131klar\u0131m\u0131zdan hayra harcay\u0131n.<\/p>\n<p>c)\u00a0\u00a0\u00a0\u00a0\u00a0 \u0130nsanlara g\u00fczel s\u00f6z s\u00f6yleyin<\/p>\n<p>d)\u00a0\u00a0\u00a0\u00a0 Kur\u2019an\u2019\u0131 kesinlikle biz indirdik, elbette onu yine biz koruyaca\u011f\u0131z.<\/p>\n<p>&nbsp;<\/p>\n<p>4)\u00a0\u00a0\u00a0\u00a0\u00a0 A\u015fa\u011f\u0131dakilerden hangisi Allah-evren ili\u015fkisini a\u00e7\u0131klayan ayetlerden biri de\u011fildir?<\/p>\n<p>&nbsp;<\/p>\n<p>a)\u00a0\u00a0\u00a0\u00a0\u00a0 O, geceyi, g\u00fcnd\u00fcz\u00fc, G\u00fcne\u015f\u2019i, Ay\u2019\u0131 \u2026 yaratand\u0131r. Her biri bir y\u00f6r\u00fcngede y\u00fczmektedirler.<\/p>\n<p>b)\u00a0\u00a0\u00a0\u00a0\u00a0 \u0130man edip Salih amel i\u015fleyenler i\u00e7in eksilmeyen devaml\u0131 bir ecir vard\u0131r.<\/p>\n<p>c)\u00a0\u00a0\u00a0\u00a0\u00a0 O, her an yaratma halindedir.<\/p>\n<p>d)\u00a0\u00a0\u00a0\u00a0 Allah odur ki r\u00fczgarlar\u0131 g\u00f6nderir, bunlar da bulutu kald\u0131r\u0131r. Derken Allah onu g\u00f6kte diledi\u011fi gibi yayar ve par\u00e7a par\u00e7a eder. Nihayet aras\u0131ndan ya\u011fmurun \u00e7\u0131kt\u0131\u011f\u0131n\u0131 g\u00f6r\u00fcrs\u00fcn.<\/p>\n<p>&nbsp;<\/p>\n<p>5)\u00a0\u00a0\u00a0\u00a0\u00a0 Kur\u2019an\u2019a g\u00f6re insanlar\u0131n birbiriyle ili\u015fkisi nas\u0131l olmamal\u0131d\u0131r?<\/p>\n<p>&nbsp;<\/p>\n<p>a)\u00a0\u00a0\u00a0\u00a0\u00a0 Soy, \u0131rk, renk ayr\u0131m\u0131 yapmamal\u0131y\u0131z.<\/p>\n<p>b)\u00a0\u00a0\u00a0\u00a0\u00a0 Kimseye inanc\u0131ndan dolay\u0131 bask\u0131 yapmamal\u0131y\u0131z.<\/p>\n<p>c)\u00a0\u00a0\u00a0\u00a0\u00a0 K\u00f6t\u00fc s\u00f6z ve davran\u0131\u015flardan uzak durmal\u0131y\u0131z.<\/p>\n<p>d)\u00a0\u00a0\u00a0\u00a0 Hep \u015fakala\u015farak g\u00f6nl\u00fcn\u00fc ho\u015f tutmal\u0131y\u0131z.<\/p>\n<p>&nbsp;<\/p>\n<p>6)\u00a0\u00a0\u00a0\u00a0\u00a0 A\u015fa\u011f\u0131dakilerden hangisi Allah-insan ili\u015fkisini ifade eden ayetlern biri de\u011fildir?<\/p>\n<p>&nbsp;<\/p>\n<p>a)\u00a0\u00a0\u00a0\u00a0\u00a0 Allah\u2019a iman ediniz.<\/p>\n<p>b)\u00a0\u00a0\u00a0\u00a0\u00a0 Ona kulluk edin ve Ona \u015f\u00fckredin.<\/p>\n<p>c)\u00a0\u00a0\u00a0\u00a0\u00a0 Kim Allah\u2019a inan\u0131r ve yararl\u0131 i\u015f yaparsa Allah onun k\u00f6t\u00fcl\u00fcklerini \u00f6rter, onu, i\u00e7inde ebedi kalacaklar\u0131 , altlar\u0131ndan \u0131rmaklar akan cennetlere sokar. \u0130\u015fte b\u00fcy\u00fck kurtulu\u015f budur.<\/p>\n<p>d)\u00a0\u00a0\u00a0\u00a0 Su bulamazsan\u0131z temiz toprakla teyemm\u00fcm edin<\/p>\n<p>&nbsp;<\/p>\n<p>7)\u00a0\u00a0\u00a0\u00a0\u00a0 A\u015fa\u011f\u0131dakilerden hangisi Kur\u2019an\u2019\u0131n \u00f6zelliklerinden biri de\u011fildir?<\/p>\n<p>&nbsp;<\/p>\n<p>a)\u00a0\u00a0\u00a0\u00a0\u00a0 Kur\u2019an yol g\u00f6stericidir.<\/p>\n<p>b)\u00a0\u00a0\u00a0\u00a0\u00a0 Kur\u2019an sadece M\u00fcsl\u00fcmanlara g\u00f6nderilmi\u015ftir.<\/p>\n<p>c)\u00a0\u00a0\u00a0\u00a0\u00a0 \u0130nsanlara bir \u00f6\u011f\u00fctt\u00fcr.<\/p>\n<p>d)\u00a0\u00a0\u00a0\u00a0 Kendisine uyanlar\u0131 iyilik ve mutlulu\u011fa ula\u015ft\u0131ran bir kitapt\u0131r.<\/p>\n<p>&nbsp;<\/p>\n<p>8)\u00a0\u00a0\u00a0\u00a0\u00a0 \u0130slam\u2019\u0131n amac\u0131 nedir?<\/p>\n<p>&nbsp;<\/p>\n<p>a)\u00a0\u00a0\u00a0\u00a0\u00a0 \u0130nsan\u0131 kendi istek ve iradesiyle d\u00fcnya ve ahirette mutlulu\u011fa ula\u015ft\u0131rmakt\u0131r.<\/p>\n<p>b)\u00a0\u00a0\u00a0\u00a0\u00a0 D\u00fcnyaya ait i\u015flerimizi \u00f6\u011frenmektir.<\/p>\n<p>c)\u00a0\u00a0\u00a0\u00a0\u00a0 Dengeli beslenmemizdir.<\/p>\n<p>d)\u00a0\u00a0\u00a0\u00a0 Derslerimize \u00e7al\u0131\u015fmakt\u0131r.<\/p>\n<p>&nbsp;<\/p>\n<p>9)\u00a0\u00a0\u00a0\u00a0\u00a0 A\u015fa\u011f\u0131dakilerden hangisi Peygamberimizin davran\u0131\u015flar\u0131ndan insanlar i\u00e7in \u00e7\u0131kar\u0131labilecek ahlaki de\u011ferle \u00f6rnek olamaz?<\/p>\n<p>&nbsp;<\/p>\n<p>a) Yard\u0131mseverlik\u00a0\u00a0\u00a0\u00a0\u00a0\u00a0\u00a0\u00a0\u00a0 b) Ba\u011f\u0131\u015flay\u0131c\u0131l\u0131k<\/p>\n<p>c) Sab\u0131rs\u0131zl\u0131k\u00a0\u00a0\u00a0\u00a0\u00a0\u00a0\u00a0\u00a0\u00a0\u00a0\u00a0\u00a0\u00a0\u00a0\u00a0\u00a0\u00a0 d) Fedakarl\u0131k<\/p>\n<p>&nbsp;<\/p>\n<p>10)\u00a0 A\u015fa\u011f\u0131daki olaylardan hangisi hicretten \u00f6nce ger\u00e7ekle\u015fmi\u015ftir?<\/p>\n<p>&nbsp;<\/p>\n<p>a)\u00a0\u00a0\u00a0\u00a0\u00a0 Hz. Muhammed\u2019e peygamberlik g\u00f6revi verilmesi<\/p>\n<p>b)\u00a0\u00a0\u00a0\u00a0\u00a0 Uhud Sava\u015f\u0131<\/p>\n<p>c)\u00a0\u00a0\u00a0\u00a0\u00a0 Mekke\u2019nin Fethi<\/p>\n<p>d)\u00a0\u00a0\u00a0\u00a0 Bedir Sava\u015f\u0131<\/p>\n<p>&nbsp;<\/p>\n<p>11)\u00a0 A\u015fa\u011f\u0131daki sava\u015flar\u0131n hangisinde M\u00fcsl\u00fcman ordusu bozguna u\u011frat\u0131lm\u0131\u015ft\u0131r?<\/p>\n<p>a)\u00a0\u00a0\u00a0\u00a0\u00a0 Bedir Sava\u015f\u0131<\/p>\n<p>b)\u00a0\u00a0\u00a0\u00a0\u00a0 Uhud Sava\u015f\u0131<\/p>\n<p>c)\u00a0\u00a0\u00a0\u00a0\u00a0 Mekke\u2019nin Fethi<\/p>\n<p>d)\u00a0\u00a0\u00a0\u00a0 Teb\u00fck Seferi<\/p>\n<p>&nbsp;<\/p>\n<p>12)\u00a0 \u0130lk inen ayet hangisidir?<\/p>\n<p>a)\u00a0\u00a0\u00a0\u00a0\u00a0 Yaratan Rabb\u2019inin ad\u0131yla oku.<\/p>\n<p>b)\u00a0\u00a0\u00a0\u00a0\u00a0 Alemlerin Rabb\u2019i olan Allah\u2019a hamdolsun<\/p>\n<p>c)\u00a0\u00a0\u00a0\u00a0\u00a0 Namaz k\u0131l\u0131n,<\/p>\n<p>d)\u00a0\u00a0\u00a0\u00a0 Oru\u00e7 tutun.<\/p>\n<p>&nbsp;<\/p>\n<p>13)\u00a0 Mekke\u2019den hicret eden M\u00fcsl\u00fcmanlara yard\u0131mc\u0131 olan Medinelilere ne ad verilmektedir<\/p>\n<p>&nbsp;<\/p>\n<p>a) Hicret\u00a0\u00a0\u00a0\u00a0 b) Muhacir\u00a0\u00a0 c) Ensar\u00a0 d) Nebi<\/p>\n<p>&nbsp;<\/p>\n<p>14)\u00a0 Mekke\u2019den Medine\u2019ye g\u00f6\u00e7 eden M\u00fcsl\u00fcmanlara ne denir?<\/p>\n<p>&nbsp;<\/p>\n<p>a) Hicret\u00a0\u00a0\u00a0\u00a0 b) Muhacir\u00a0\u00a0\u00a0 c) Ensar\u00a0\u00a0 d) Nebi<\/p>\n<p>&nbsp;<\/p>\n<p>&nbsp;<\/p>\n<p>15)\u00a0 Peygamberimize ilk vahiy nerede ve ne zaman gelmi\u015ftir?<\/p>\n<p>&nbsp;<\/p>\n<p>a) Mekke, 571\u00a0\u00a0\u00a0\u00a0\u00a0\u00a0\u00a0\u00a0\u00a0\u00a0\u00a0\u00a0\u00a0\u00a0\u00a0\u00a0\u00a0\u00a0\u00a0\u00a0\u00a0\u00a0 b) Medine, 622<\/p>\n<p>c) Mekke, 610\u00a0\u00a0\u00a0\u00a0\u00a0\u00a0\u00a0\u00a0\u00a0\u00a0\u00a0\u00a0\u00a0\u00a0\u00a0\u00a0\u00a0\u00a0\u00a0 \u00a0\u00a0\u00a0d) Medine, 632<\/p>\n<p>&nbsp;<\/p>\n<p>16)\u00a0 Peygamberimize, \u0130slam dinini insanlara anlatmas\u0131n\u0131 ve m\u00fc\u015friklerin davran\u0131\u015flar\u0131n\u0131 \u00f6nemsememesini bildiren ayet meali a\u015fa\u011f\u0131dakilerden hangisidir?<\/p>\n<p>&nbsp;<\/p>\n<p>a)\u00a0\u00a0\u00a0\u00a0\u00a0 Yaratan Rabb\u2019inin ad\u0131yla oku!<\/p>\n<p>b)\u00a0\u00a0\u00a0\u00a0\u00a0 Sana emrolunan\u0131 a\u00e7\u0131k\u00e7a s\u00f6yle ve ortak ko\u015fanlardan y\u00fcz \u00e7evir.<\/p>\n<p>c)\u00a0\u00a0\u00a0\u00a0\u00a0 En yak\u0131n akraban\u0131 uyar. Sanma uyan m\u00fcminlere kanad\u0131n\u0131 indir.<\/p>\n<p>d)\u00a0\u00a0\u00a0\u00a0 Elbiseni temiz tut ve k\u00f6t\u00fc \u015feyleri terk et.<\/p>\n<p>&nbsp;<\/p>\n<p>17)\u00a0 A\u015fa\u011f\u0131dakilerden hangisi veda hutbesinde verilen mesajlardan de\u011fildir?<\/p>\n<p>&nbsp;<\/p>\n<p>a)\u00a0\u00a0\u00a0\u00a0\u00a0 Zinan\u0131n k\u00f6t\u00fcl\u00fc\u011f\u00fc<\/p>\n<p>b)\u00a0\u00a0\u00a0\u00a0\u00a0 Ayr\u0131mc\u0131l\u0131k yap\u0131lmamas\u0131<\/p>\n<p>c)\u00a0\u00a0\u00a0\u00a0\u00a0 Allah\u2019a ortak ko\u015fulmamas\u0131n\u0131<\/p>\n<p>d)\u00a0\u00a0\u00a0\u00a0 Ma\u011faraya \u00e7ekilip sadece ibadetle me\u015fgul olunmas\u0131n\u0131<\/p>\n<p>&nbsp;<\/p>\n<p>18)\u00a0 Nasr suresiyle ilgili a\u015fa\u011f\u0131dakilerden hangisi do\u011fru de\u011fildir?<\/p>\n<p>&nbsp;<\/p>\n<p>a)\u00a0\u00a0\u00a0\u00a0\u00a0 Mekke\u2019nin fethi g\u00fcn\u00fc indirilmi\u015ftir.<\/p>\n<p>b)\u00a0\u00a0\u00a0\u00a0\u00a0 Kur\u2019an\u2019\u0131n en son inen suresidir.<\/p>\n<p>c)\u00a0\u00a0\u00a0\u00a0\u00a0 En son ayetin okunu\u015fu \u201cinnehu kane tevvaba\u201d d\u0131r.<\/p>\n<p>d)\u00a0\u00a0\u00a0\u00a0 Kur\u2019an\u2019\u0131n ilk sayfas\u0131nda yer al\u0131r.<\/p>\n<p>&nbsp;<\/p>\n<p>19)\u00a0 Peygamberimiz ka\u00e7 y\u0131l\u0131nda do\u011fmu\u015ftur?<\/p>\n<p>&nbsp;<\/p>\n<p>a) 571\u00a0\u00a0\u00a0\u00a0\u00a0\u00a0\u00a0\u00a0\u00a0\u00a0 b) 632\u00a0\u00a0\u00a0\u00a0\u00a0\u00a0\u00a0\u00a0\u00a0\u00a0\u00a0 c) 1453\u00a0\u00a0\u00a0\u00a0\u00a0\u00a0\u00a0\u00a0\u00a0 d) 622<\/p>\n<p>&nbsp;<\/p>\n<p>20)\u00a0 Peygamberimiz ka\u00e7 y\u0131l\u0131nda vefat etmi\u015ftir?<\/p>\n<p>&nbsp;<\/p>\n<p>a) 571\u00a0\u00a0\u00a0\u00a0\u00a0\u00a0\u00a0\u00a0\u00a0\u00a0 b) 632\u00a0\u00a0\u00a0\u00a0\u00a0\u00a0\u00a0\u00a0\u00a0\u00a0\u00a0\u00a0 c) 622\u00a0\u00a0\u00a0\u00a0\u00a0\u00a0\u00a0\u00a0\u00a0\u00a0\u00a0 d) 610<\/p>\n<p>21)\u00a0 Peygamberimizin annesinin ismi nedir?<\/p>\n<p>&nbsp;<\/p>\n<p>a) Amine\u00a0 \u00a0\u00a0\u00a0\u00a0\u00a0\u00a0\u00a0\u00a0\u00a0\u00a0\u00a0\u00a0\u00a0\u00a0\u00a0\u00a0\u00a0\u00a0\u00a0\u00a0\u00a0\u00a0\u00a0\u00a0\u00a0\u00a0\u00a0\u00a0\u00a0\u00a0b) Fat\u0131ma<\/p>\n<p>c) \u00dcmm\u00fc G\u00fcls\u00fcm\u00a0\u00a0\u00a0\u00a0\u00a0\u00a0\u00a0\u00a0\u00a0\u00a0\u00a0\u00a0\u00a0\u00a0\u00a0\u00a0\u00a0 d) Ay\u015fe<\/p>\n<p>&nbsp;<\/p>\n<p>22)\u00a0 Peygamberimizin ilk e\u015finin ismi nedir?<\/p>\n<p>&nbsp;<\/p>\n<p>a) Ay\u015fe\u00a0\u00a0\u00a0 b) Hatice\u00a0\u00a0 c) Fatma\u00a0\u00a0 d) Zehra<\/p>\n<p>&nbsp;<\/p>\n<p>23)\u00a0 Peygamberimizin babas\u0131n\u0131n ismi nedir?<\/p>\n<p>&nbsp;<\/p>\n<p>a) Abdulmuttalip\u00a0\u00a0\u00a0\u00a0\u00a0\u00a0\u00a0\u00a0\u00a0\u00a0\u00a0\u00a0\u00a0 b) Ebu Talip<\/p>\n<p>c) Abdullah\u00a0\u00a0\u00a0\u00a0\u00a0\u00a0\u00a0\u00a0\u00a0 \u00a0\u00a0\u00a0\u00a0\u00a0\u00a0\u00a0\u00a0\u00a0\u00a0\u00a0\u00a0d) Ebubekir<\/p>\n<p>&nbsp;<\/p>\n<p>24)\u00a0 Peygamberimize ka\u00e7 ya\u015f\u0131nda peygamberlik gelmi\u015ftir?<\/p>\n<p>&nbsp;<\/p>\n<p>a) 20\u00a0\u00a0\u00a0\u00a0\u00a0\u00a0\u00a0 b) 30\u00a0\u00a0\u00a0\u00a0\u00a0 c) 40\u00a0\u00a0\u00a0\u00a0 d) 50<\/p>\n<p>25)\u00a0 Muhammed isminin anlam\u0131 nedir?<\/p>\n<p>&nbsp;<\/p>\n<p>a) \u00d6v\u00fclm\u00fc\u015f\u00a0\u00a0 b) Sevgi\u00a0\u00a0 c) Bar\u0131\u015f\u00a0 d) H\u00fcz\u00fcn<\/p>\n<p>Not Her Do\u011fru cevap 4 puand\u0131r.<\/p>\n<p style=\"text-align: center;\">Yaz\u0131l\u0131n\u0131n G\u00f6rselli ve Tam Halini \u0130ndirmek \u0130\u00e7in <strong><span style=\"color: #ff0000;\"><a href=\"http:\/\/www.sorubak.com\/6sinif-din-dersi-2donem-2yazili-20122013_56958.htm\" target=\"_blank\"><span style=\"color: #ff0000;\">TIKLAYINIZ<\/span><\/a><\/span><\/strong><\/p>\n","protected":false},"excerpt":{"rendered":"<p>Yaz\u0131l\u0131n\u0131n G\u00f6rselli ve Tam Halini \u0130ndirmek \u0130\u00e7in TIKLAYINIZ 2012\/2013 E\u011e\u0130T\u0130M \u00d6\u011eRET\u0130M YILI \u2026\u2026\u2026\u2026\u2026 \u0130LK\u00d6\u011eRET\u0130M OKULU, 6\/A SINIFI D\u0130N K\u00dcLT\u00dcR\u00dc VE AHLAK B\u0130LG\u0130S\u0130 DERS\u0130 2. D\u00d6NEM, 2. YAZILI YOKLAMA SORULAR 1)\u00a0\u00a0\u00a0\u00a0\u00a0 A\u015fa\u011f\u0131dakilerden hangisi Kur\u2019an\u2019\u0131n \u00f6\u011f\u00fctlerinden de\u011fildir? www.sorubak.com a)\u00a0\u00a0\u00a0\u00a0\u00a0 Allah\u2019\u0131n ad\u0131n\u0131 anmak b)\u00a0\u00a0\u00a0\u00a0\u00a0 \u0130nsanlar\u0131n hat\u0131r\u0131n\u0131 sormak c)\u00a0\u00a0\u00a0\u00a0\u00a0 Ba\u015fkalar\u0131n arkas\u0131ndan konu\u015fmak, d)\u00a0\u00a0\u00a0\u00a0 Adaletli ve d\u00fcr\u00fcst olmak &nbsp; 2)\u00a0\u00a0\u00a0\u00a0\u00a0 &#8230; <a title=\"6.s\u0131n\u0131f din dersi 2.d\u00f6nem 2.yaz\u0131l\u0131 29 May\u0131s 2013\" class=\"read-more\" href=\"https:\/\/www.sorubak.com\/blog\/6-sinif-din-dersi-2-donem-2-yazili-29-mayis-2013.html\" aria-label=\"More on 6.s\u0131n\u0131f din dersi 2.d\u00f6nem 2.yaz\u0131l\u0131 29 May\u0131s 2013\">Devam\u0131n\u0131 oku&#8230;<\/a><\/p>\n","protected":false},"author":1686,"featured_media":0,"comment_status":"open","ping_status":"open","sticky":false,"template":"","format":"standard","meta":{"footnotes":""},"categories":[13370],"tags":[16361,16363,16362],"class_list":["post-42617","post","type-post","status-publish","format-standard","hentry","category-yazili-sorulari","tag-6-sinif-din-dersi-2-donem-2-yazili","tag-6-sinif-din-dersi-2-donem-2-yazili-2012-2013","tag-6-sinif-din-dersi-2-donem-2-yazili-2013"],"_links":{"self":[{"href":"https:\/\/www.sorubak.com\/blog\/wp-json\/wp\/v2\/posts\/42617","targetHints":{"allow":["GET"]}}],"collection":[{"href":"https:\/\/www.sorubak.com\/blog\/wp-json\/wp\/v2\/posts"}],"about":[{"href":"https:\/\/www.sorubak.com\/blog\/wp-json\/wp\/v2\/types\/post"}],"author":[{"embeddable":true,"href":"https:\/\/www.sorubak.com\/blog\/wp-json\/wp\/v2\/users\/1686"}],"replies":[{"embeddable":true,"href":"https:\/\/www.sorubak.com\/blog\/wp-json\/wp\/v2\/comments?post=42617"}],"version-history":[{"count":0,"href":"https:\/\/www.sorubak.com\/blog\/wp-json\/wp\/v2\/posts\/42617\/revisions"}],"wp:attachment":[{"href":"https:\/\/www.sorubak.com\/blog\/wp-json\/wp\/v2\/media?parent=42617"}],"wp:term":[{"taxonomy":"category","embeddable":true,"href":"https:\/\/www.sorubak.com\/blog\/wp-json\/wp\/v2\/categories?post=42617"},{"taxonomy":"post_tag","embeddable":true,"href":"https:\/\/www.sorubak.com\/blog\/wp-json\/wp\/v2\/tags?post=42617"}],"curies":[{"name":"wp","href":"https:\/\/api.w.org\/{rel}","templated":true}]}}