{"id":42496,"date":"2013-05-22T21:32:47","date_gmt":"2013-05-22T19:32:47","guid":{"rendered":"http:\/\/www.sorubak.com\/blog\/?p=42496"},"modified":"2013-05-22T21:32:47","modified_gmt":"2013-05-22T19:32:47","slug":"8-sinif-vatandaslik-2-donem-2-yazili-sorulari-23-mayis-2013","status":"publish","type":"post","link":"https:\/\/www.sorubak.com\/blog\/8-sinif-vatandaslik-2-donem-2-yazili-sorulari-23-mayis-2013.html","title":{"rendered":"8.s\u0131n\u0131f Vatanda\u015fl\u0131k 2.d\u00f6nem 2.yaz\u0131l\u0131 sorular\u0131 23 May\u0131s 2013"},"content":{"rendered":"<p style=\"text-align: center;\">Yaz\u0131l\u0131n\u0131n G\u00f6rselli ve Tam Halini \u0130ndirmek \u0130\u00e7in <strong><span style=\"color: #ff0000;\"><a href=\"http:\/\/www.sorubak.com\/8sinif-vatandaslik-2donem-2yazili-sorulari-20122013_56338.htm\" target=\"_blank\"><span style=\"color: #ff0000;\">TIKLAYINIZ<\/span><\/a><\/span><\/strong><\/p>\n<p style=\"text-align: center;\">\u00a0<b>2012-2013 E\u011e\u0130T\u0130M ve \u00d6\u011eRET\u0130M YILI<\/b><\/p>\n<p align=\"center\"><b>\u2026\u2026\u2026\u2026\u2026\u2026\u2026\u2026. \u0130LK\u00d6\u011eRET\u0130M OKULU<\/b><\/p>\n<p align=\"center\"><b>VATANDA\u015eLIK ve DEMOKRAS\u0130 E\u011e\u0130T\u0130M\u0130 DERS\u0130 II. D\u00d6NEM II. YAZILI DE\u011eERLEND\u0130RME<\/b><\/p>\n<p><b>***S\u0131nav\u0131n\u0131z 25 test sorusundan olu\u015fmaktad\u0131r. Her do\u011fru cevap 4 puan de\u011ferinde olup s\u0131nav s\u00fcreniz 35 dakikad\u0131r. Cevaplar\u0131n\u0131z\u0131 mutlaka cevap anahtar\u0131 \u00fczerinde de belirtiniz.Ba\u015far\u0131lar dileriz\u2026<\/b><\/p>\n<p>1- A\u015fa\u011f\u0131dakilerden hangisi \u00e7evremizde kar\u015f\u0131la\u015ft\u0131\u011f\u0131m\u0131z demokratik olmayan tav\u0131r\u00a0 ve tutumlardand\u0131r?<\/p>\n<p>a) Arkada\u015f\u0131n\u0131n d\u00fc\u015f\u00fcncelerine sayg\u0131 g\u00f6sterme<\/p>\n<p>b)\u00c7evreyi kirletenleri uyarma<\/p>\n<p>c)Annenin k\u0131z \u00e7ocu\u011fu ile daha \u00e7ok ilgilenmesi<\/p>\n<p>d)Bankada \u00f6deme yapmak i\u00e7in s\u0131ra bekleme<\/p>\n<p>&nbsp;<\/p>\n<p>2- A\u015fa\u011f\u0131dakilerden hangisi \u00e7ocuklara kar\u015f\u0131\u00a0 \u015fiddetin \u00f6nlenmesinde demokratik bir yoldur?<\/p>\n<p>a)Anne-baba e\u011fitim programlar\u0131 d\u00fczenleme<\/p>\n<p>b)Toplumsal \u015fiddete sessiz ve seyirci kalma<\/p>\n<p>c)Problemleri \u015fiddet kullanarak\u00a0 \u00e7\u00f6zmeyi\u00a0 \u00f6\u011fretme<\/p>\n<p>d)Yasa uygulay\u0131c\u0131lara yard\u0131mc\u0131 olmama<\/p>\n<p>&nbsp;<\/p>\n<p>3- A\u015fa\u011f\u0131dakilerden hangisi sa\u011fl\u0131kl\u0131 bir ileti\u015fimin kurulmas\u0131na engel olur?<\/p>\n<p>a)Dinlemek\u00a0\u00a0\u00a0\u00a0\u00a0\u00a0\u00a0\u00a0\u00a0\u00a0\u00a0\u00a0\u00a0\u00a0\u00a0\u00a0\u00a0\u00a0\u00a0\u00a0\u00a0\u00a0 b)Emir vermek<\/p>\n<p>c)\u00d6\u011f\u00fct vermek\u00a0\u00a0\u00a0\u00a0\u00a0\u00a0\u00a0\u00a0\u00a0\u00a0\u00a0\u00a0\u00a0\u00a0\u00a0\u00a0 d)Yap\u0131c\u0131 ele\u015ftiride bulunmak<\/p>\n<p>&nbsp;<\/p>\n<p>4- A\u015fa\u011f\u0131dakilerden hangisi insan haklar\u0131n\u0131n \u00f6zelliklerinden biri de\u011fildir?<\/p>\n<p>a)Do\u011fu\u015ftan t\u00fcm insanlar\u0131n sahip olmas\u0131<\/p>\n<p>b)Evrensel olmalar\u0131<\/p>\n<p>c)Yasalarla g\u00fcvence alt\u0131na al\u0131nmalar\u0131<\/p>\n<p>d)Farkl\u0131m \u00fclkelerde farkl\u0131 uygulanmalar\u0131<\/p>\n<p>&nbsp;<\/p>\n<p>5- Demokrasiyi bir ya\u015fam bi\u00e7imi olarak se\u00e7mi\u015f bir bireyden a\u011f\u0131dakilerden hangisi beklenmez?<\/p>\n<p>a)Farkl\u0131 g\u00f6r\u00fc\u015f ve d\u00fc\u015f\u00fcncelere sayg\u0131 g\u00f6stermesi<\/p>\n<p>b)Kendisine istemedi\u011fini kar\u015f\u0131s\u0131ndakine yapma<\/p>\n<p>c)Hak ve \u00f6zg\u00fcrl\u00fcklerine sahip \u00e7\u0131kmas\u0131<\/p>\n<p>d)D\u00fc\u015f\u00fcncelerini \u00f6zg\u00fcrce ifade etmesi<\/p>\n<p>&nbsp;<\/p>\n<p>6- A\u015fa\u011f\u0131dakilerden hangisi ayr\u0131mc\u0131l\u0131\u011f\u0131n ortadan kald\u0131r\u0131lmas\u0131nda etkin yollardan biri de\u011fildir?<\/p>\n<p>a)Kad\u0131nlara i\u015f olanaklar\u0131ndan yararlanma imkan\u0131n\u0131n verilmesi<\/p>\n<p>b)Ya\u015fl\u0131lar\u0131n korunup g\u00f6zetilmesi<\/p>\n<p>c)Bebeklerin ve \u00e7ocuklar\u0131n bak\u0131m\u0131 i\u00e7in uygun \u015fartlar\u0131n haz\u0131rlanmas\u0131<\/p>\n<p>d)Engellilere sadece evde ya\u015fama imkan\u0131n verilmesi<\/p>\n<p>&nbsp;<\/p>\n<p>7- A\u015fa\u011f\u0131dakilerden hangisi insanlar\u0131n ya\u015famsal de\u011ferlerinin y\u00fckseltildi\u011fi, hak ve \u00f6zg\u00fcrl\u00fcklerin korunup geli\u015ftirildi\u011fi demokratik toplumlarda g\u00f6r\u00fclmez?<\/p>\n<p>a)S\u0131n\u0131rs\u0131z hak ve \u00f6zg\u00fcrl\u00fckler<\/p>\n<p>b)Farkl\u0131 g\u00f6r\u00fc\u015f ve d\u00fc\u015f\u00fcncelere sayg\u0131<\/p>\n<p>c)Kararlar\u0131n tart\u0131\u015f\u0131larak al\u0131nmas\u0131<\/p>\n<p>d)Toplumsal sayg\u0131 ve ho\u015fg\u00f6r\u00fcn\u00fcn olmas\u0131<\/p>\n<p>8- Demokrasi, e\u015fit kat\u0131l\u0131m ve insana sayg\u0131y\u0131 esas alan \u00e7o\u011fulcu, \u00e7o\u011funlu\u011fun kar\u015f\u0131s\u0131nda az\u0131nl\u0131\u011f\u0131n haklar\u0131n\u0131 koruyan bir y\u00f6netim bi\u00e7imidir. Bu ilkelerin \u00f6 planda tutuldu\u011fu ya\u015fama demokratik hayat denir.<\/p>\n<p><b>\u00a0\u00a0\u00a0 Buna g\u00f6re demokratik hayat a\u015fa\u011f\u0131dakilerden hangisini <span style=\"text-decoration: underline;\">d\u0131\u015flar?<\/span><\/b><\/p>\n<p>A) Uzla\u015fmac\u0131 tav\u0131r i\u00e7inde olmay\u0131<br \/>\nB) Ki\u015fisel iradeyi y\u00fcceltmeyi<\/p>\n<p>C) Farkl\u0131l\u0131klara kar\u015f\u0131 ho\u015fg\u00f6r\u00fcy\u00fc<br \/>\nD) Hak aray\u0131\u015f\u0131n\u0131 s\u0131n\u0131rlamay\u0131<\/p>\n<p>&nbsp;<\/p>\n<p>9- Bir \u015feyi yapabilme yetkisi hak kavram\u0131n\u0131n \u00f6z\u00fcn\u00fc olu\u015fturur. Yapabilme yetkisini ki\u015fi istedi\u011fi gibi kullan\u0131r. Yani ki\u015fi, hakk\u0131 olan bir \u015feyi isterse yapar, isterse yapmaz.<\/p>\n<p><b>\u00a0Bu bilgiyi, a\u015fa\u011f\u0131da verilenlerden hangisi <span style=\"text-decoration: underline;\">do\u011frudan<\/span> desteklemektedir<\/b><\/p>\n<p>A) Her hak, ona sayg\u0131 g\u00f6sterilmesi zorunlulu\u011funu beraberinde ta\u015f\u0131r<\/p>\n<p>B) \u00d6zg\u00fcrl\u00fck en b\u00fcy\u00fck hakt\u0131r<\/p>\n<p>C)Ki\u015finin \u00f6zg\u00fcrl\u00fc\u011f\u00fcn\u00fcn s\u0131n\u0131r\u0131, ba\u015fkas\u0131n\u0131n \u00f6zg\u00fcrl\u00fc\u011f\u00fcn\u00fcn ba\u015flad\u0131\u011f\u0131 yerdir<\/p>\n<p>D) Ki\u015filer haklar\u0131n\u0131 kullan\u0131p kullanmamakta serbesttir<\/p>\n<p>&nbsp;<\/p>\n<p>10<b>&#8211; <\/b>Demokrasinin geli\u015fmesi i\u00e7in \u00f6nemli unsurlar vard\u0131r. Demokrasi bu unsurlar \u00fczerinde y\u00fckselir.<\/p>\n<p><b>\u00a0\u00a0\u00a0\u00a0\u00a0\u00a0\u00a0 A\u015fa\u011f\u0131dakilerden hangisi bu unsurlar\u0131n <span style=\"text-decoration: underline;\">en \u00f6nemlisidir?<\/span><\/b><\/p>\n<p>A) Sivil toplum \u00f6rg\u00fctleri\u00a0\u00a0\u00a0\u00a0\u00a0\u00a0 B)Gazeteler<\/p>\n<p>C)K\u00fct\u00fcphaneler\u00a0\u00a0\u00a0\u00a0\u00a0\u00a0\u00a0\u00a0\u00a0\u00a0\u00a0\u00a0\u00a0\u00a0\u00a0\u00a0\u00a0\u00a0\u00a0\u00a0\u00a0 D)M\u00fczeler<\/p>\n<p>&nbsp;<\/p>\n<p>11- <b>Temizlik \u0130\u015f\u00e7isi: <\/b>\u2018\u2019Bak\u0131yorum da insanlara, yerleri kirletme hakk\u0131 varm\u0131\u015f gibi \u00e7\u00f6p\u00fcn\u00fc yere at\u0131yor. Sokaklar\u0131 ben temizliyorum, bu benim g\u00f6revim. Ama insanlar\u0131n da yeleri temiz tutma sorumlulu\u011fu vard\u0131r.\u2019\u2019<\/p>\n<p><b>Temizlik i\u015f\u00e7isinin bu s\u00f6ylediklerinden a\u015fa\u011f\u0131dakilerden hangisi \u00e7\u0131kar\u0131labilir?<br \/>\n<\/b>A)Herkese haklar\u0131n\u0131 hat\u0131rlatmaktad\u0131r<\/p>\n<p>B)\u0130nsanlar\u0131 sorumlu davranmaya \u00e7a\u011f\u0131rmaktad\u0131r<\/p>\n<p>C)G\u00f6revini yapmakta \u00f6zg\u00fcr oldu\u011funu belirtmektedir<\/p>\n<p>D)Ba\u015fkalar\u0131n\u0131n sorumlulu\u011funu payla\u015fmaktad\u0131r<\/p>\n<p>&nbsp;<\/p>\n<p>12- <b>A\u015fa\u011f\u0131da demokratik \u00fclkelerdeki insanlar\u0131n \u00f6zellikleri ile ilgili verilen bilgilerden hangisi <span style=\"text-decoration: underline;\">yanl\u0131\u015ft\u0131r?<\/span><\/b><\/p>\n<p>A) \u0130nsanlar hak ve sorumluluklar\u0131n\u0131 bilir<\/p>\n<p>B)<b> <\/b>Farkl\u0131l\u0131klara sayg\u0131 duyar<\/p>\n<p>C)Kendi d\u00fc\u015f\u00fcncesi i\u00e7in ba\u015fkalar\u0131n\u0131n haklar\u0131n\u0131 \u00e7i\u011fner<\/p>\n<p>D)\u00d6zg\u00fcr d\u00fc\u015f\u00fcn\u00fcr ve konu\u015fur<\/p>\n<p>&nbsp;<\/p>\n<p>13- <b><\/b><\/p>\n<table cellspacing=\"0\" cellpadding=\"0\" align=\"left\">\n<tbody>\n<tr>\n<td width=\"105\" height=\"2\"><\/td>\n<\/tr>\n<tr>\n<td><\/td>\n<td><\/td>\n<\/tr>\n<\/tbody>\n<\/table>\n<p><b>\u00a0<\/b><\/p>\n<p><b>\u00a0<\/b><\/p>\n<p><b>Buna g\u00f6re T\u00dcB\u0130TAK\u2019\u0131n topluma katk\u0131s\u0131n\u0131n <span style=\"text-decoration: underline;\">\u00f6zellikle<\/span> a\u015fa\u011f\u0131dakilerden hangisine y\u00f6nelik oldu\u011fu <span style=\"text-decoration: underline;\">s\u00f6ylenebilir?<\/span><\/b><\/p>\n<p>A)\u00dcretmeye\u00a0\u00a0\u00a0\u00a0\u00a0\u00a0\u00a0\u00a0\u00a0\u00a0\u00a0\u00a0\u00a0\u00a0\u00a0\u00a0\u00a0\u00a0 B)Yard\u0131mla\u015fmaya<\/p>\n<p>C)Evrensel Bar\u0131\u015fa\u00a0\u00a0\u00a0\u00a0\u00a0\u00a0\u00a0\u00a0\u00a0 D)E\u015fitli\u011fe<\/p>\n<p>14- <b>)Demokratik bir devletten a\u015fa\u011f\u0131dakilerden hangisi <span style=\"text-decoration: underline;\">beklenmez?<\/span><\/b><br \/>\nA) \u00d6zel hayat\u0131n gizlili\u011finin korunmas\u0131.<br \/>\nB) Kanunlarda e\u015fitlik ilkesinin temel al\u0131nmas\u0131.<br \/>\nC) Etkin ve kat\u0131l\u0131mc\u0131 y\u00f6netime de\u011fer verilmesi.<br \/>\nD) Vatanda\u015flar\u0131n \u00f6zg\u00fcrl\u00fcklerine hi\u00e7bir s\u0131n\u0131rlama getirilmemesi.<\/p>\n<p>15-<\/p>\n<p><b>Yukar\u0131daki c\u00fcmleye bak\u0131larak a\u015fa\u011f\u0131daki \u00f6rneklerden hangisinin verilmesi <span style=\"text-decoration: underline;\">yanl\u0131\u015f<\/span> olur<\/b><\/p>\n<p>A)D\u00fcnyay\u0131 payla\u015fan t\u00fcm insanlar\u0131n birbirlerine kar\u015f\u0131 sorumlu olmas\u0131<\/p>\n<p>B)Sorumsuzca do\u011fay\u0131 kirleten bir insan\u0131n ayn\u0131 zamanda t\u00fcm insanl\u0131\u011f\u0131n hayat\u0131n\u0131 olumsuz etkilemesi<\/p>\n<p>C)\u0130nsan hayat\u0131n\u0131 kolayla\u015ft\u0131ran bir bulu\u015fun sadece o ki\u015finin bulundu\u011fu \u00fclkeyi etkilemesi<\/p>\n<p>D)D\u00fcnyan\u0131n herhangi bir yerinde ya\u015fanan do\u011fal bir felaketin b\u00fct\u00fcn insanl\u0131\u011f\u0131 etkilemesi<\/p>\n<p>&nbsp;<\/p>\n<p>16- <b>Bir ilk\u00f6\u011fretim okulundaki\u00a0 \u00f6\u011frencilerin fidan dikme \u00e7abas\u0131 a\u015fa\u011f\u0131daki sivil toplum kurulu\u015flar\u0131n\u0131n hangisinin amac\u0131na uygun d\u00fc\u015fer?<\/b><br \/>\nA)\u0130nsan Haklar\u0131 Derne\u011fi<\/p>\n<p>B)Sokak \u00c7ocuklar\u0131n\u0131 Koruma Derne\u011fi<\/p>\n<p>C)K\u00fclt\u00fcr Varl\u0131klar\u0131n\u0131 Koruma ve Tan\u0131tma Vakf\u0131<\/p>\n<p>D)Do\u011fal Hayat\u0131 Koruma Derne\u011fi<\/p>\n<p>&nbsp;<\/p>\n<p>17- Devlet, milletin dayan\u0131\u015fmas\u0131, birlik ve beraberli\u011fi ile vard\u0131r. T\u00fcrk Milleti Kurulu\u015f Sava\u015f\u0131nda milli birlik ve beraberli\u011fin en g\u00fczel \u00f6rne\u011fini vermi\u015ftir. Bu milli dayan\u0131\u015fma milletimize ba\u011f\u0131ms\u0131zl\u0131\u011f\u0131 kazand\u0131rm\u0131\u015ft\u0131r.<b><\/b><\/p>\n<p><b>Metinde dile getirilen milli dayan\u0131\u015fma, a\u015fa\u011f\u0131daki vatanda\u015fl\u0131k g\u00f6revlerinden hangisiyle e<span style=\"text-decoration: underline;\">n \u00e7ok <\/span>ili\u015fkilidir?<\/b><\/p>\n<p>A)Kanunlara uyma\u00a0\u00a0\u00a0\u00a0\u00a0\u00a0\u00a0\u00a0 B)Vergi verme<\/p>\n<p>C)Askerlik yapma\u00a0\u00a0\u00a0\u00a0\u00a0\u00a0\u00a0\u00a0\u00a0\u00a0 D)Oy kullanma<\/p>\n<p>&nbsp;<\/p>\n<p>18- \u00a0\u00a0\u201cSen ki bir ailem bile olsan tek ba\u015f\u0131na,<\/p>\n<p>Sonunda o kalabal\u0131ktan bir ki\u015fisin<\/p>\n<p>\u015eu kalabal\u0131kta g\u00f6rd\u00fc\u011f\u00fcn herkesin<\/p>\n<p>Bir kalbi var senin gibi, ya da d\u00fc\u015f\u00fcn\u00fcr<\/p>\n<p>Her biri bir can ta\u015f\u0131r.\u201d<\/p>\n<p><b>Bu dizelerde insan\u0131n hangi y\u00f6n\u00fc \u00f6ne \u00e7\u0131kar\u0131lmaktad\u0131r?<\/b><\/p>\n<p>A)\u00c7ok boyutlulu\u011fu<\/p>\n<p>B)De\u011feri<\/p>\n<p>C)Olaylar kar\u015f\u0131s\u0131nda duyarl\u0131l\u0131\u011f\u0131<\/p>\n<p>D)\u00c7evresindeki varl\u0131klara kar\u015f\u0131 sorumlulu\u011fu<\/p>\n<p>19- <b>\u00a0\u00d6zge; <\/b>Sokak \u00c7ocuklar\u0131n\u0131 Koruma Derne\u011fi\u2019nin, kimsesi olmayan \u00e7ocuklar\u0131 korudu\u011funu, Tema\u2019n\u0131n, erozyonla m\u00fccadele etti\u011fini ve do\u011fal varl\u0131klar\u0131 korumaya \u00e7al\u0131\u015ft\u0131\u011f\u0131n\u0131,.Kad\u0131n Dayan\u0131\u015fma Vakf\u0131\u2019n\u0131n \u00a0kad\u0131na y\u00f6nelik \u015fiddetin \u00f6nlenmesine \u00e7al\u0131\u015ft\u0131\u011f\u0131n\u0131 \u00f6\u011frenir.<\/p>\n<p><b>\u00d6zge\u2019nin a\u015fa\u011f\u0131dakilerden hangisi konusunda bilgilendi\u011fi s\u00f6ylenebilir?<\/b><br \/>\nA)Sivil toplum kurulu\u015flar\u0131n\u0131n kamuoyu olu\u015fturmadaki rol\u00fc<br \/>\nB)Sivil toplum kurulu\u015flar\u0131n\u0131n \u00fclkenin y\u00f6netimindeki rol\u00fc<br \/>\nC) Sivil toplum kurulu\u015flar\u0131n\u0131n haklar\u0131n korunmas\u0131na y\u00f6nelik katk\u0131lar\u0131<br \/>\nD) Sivil toplum kurulu\u015flar\u0131n\u0131n farkl\u0131 meslek t\u00fcrlerinin dayan\u0131\u015fmas\u0131ndaki katk\u0131s\u0131<\/p>\n<p>20-K\u0131z \u00e7ocuklar\u0131n\u0131n okula g\u00f6nderilmemesi a\u011f\u0131dakilerden hangisine daha uygun olur?<\/p>\n<p>a)Irk ayr\u0131mc\u0131l\u0131\u011f\u0131\u00a0\u00a0\u00a0\u00a0\u00a0\u00a0\u00a0\u00a0\u00a0\u00a0\u00a0\u00a0\u00a0\u00a0 b)Din ve inan\u00e7 ayr\u0131mc\u0131l\u0131\u011f\u0131<\/p>\n<p>c)Cinsiyet ayr\u0131mc\u0131l\u0131\u011f\u0131\u00a0\u00a0\u00a0\u00a0\u00a0 d) D\u00fc\u015f\u00fcnce ayr\u0131mc\u0131l\u0131\u011f\u0131<\/p>\n<p>&nbsp;<\/p>\n<p>21-A\u015fa\u011f\u0131dakilerden hangisi Anadolu topraklar\u0131nda ho\u015fg\u00f6r\u00fc ve sayg\u0131n\u0131n yay\u0131lmas\u0131na \u00f6nc\u00fcl\u00fck eden biri de\u011fildir?<\/p>\n<p>a) Farabi\u00a0\u00a0\u00a0\u00a0\u00a0\u00a0\u00a0\u00a0\u00a0\u00a0\u00a0\u00a0\u00a0\u00a0\u00a0\u00a0\u00a0\u00a0\u00a0\u00a0\u00a0\u00a0 b)Hac\u0131 Bekta\u015f-\u0131 Veli<\/p>\n<p>c)Yunus Emre\u00a0\u00a0\u00a0\u00a0\u00a0\u00a0\u00a0\u00a0\u00a0\u00a0\u00a0\u00a0\u00a0 d) Mevlana<\/p>\n<p>&nbsp;<\/p>\n<p>22-A\u015fa\u011f\u0131dakilerden hangisi ald\u0131\u011f\u0131m\u0131z bir \u00fcr\u00fcn veya hizmet ile ilgili ba\u015fvurabilece\u011fimiz bir yerdir?<\/p>\n<p>a)TBMM\u00a0 \u00a0\u00a0\u00a0\u00a0\u00a0\u00a0\u00a0\u00a0\u00a0\u00a0\u00a0\u00a0\u00a0\u00a0\u00a0\u00a0\u00a0\u00a0\u00a0b)T\u00fcketici Haklar\u0131 Hakem Heyetleri<\/p>\n<p>c)Cumhuriyet Savc\u0131l\u0131\u011f\u0131\u00a0 \u00a0\u00a0\u00a0\u00a0\u00a0\u00a0\u00a0\u00a0\u00a0\u00a0\u00a0d)Dan\u0131\u015ftay<\/p>\n<p>&nbsp;<\/p>\n<p>23-A\u015fa\u011f\u0131daki sivil toplum kurulu\u015flar\u0131ndan hangisi \u00e7al\u0131\u015fma alan\u0131 a\u00e7\u0131s\u0131ndan di\u011ferlerinden farkl\u0131l\u0131k g\u00f6sterir?<\/p>\n<p>a)A\u00c7EV\u00a0\u00a0 \u00a0\u00a0\u00a0\u00a0\u00a0\u00a0\u00a0\u00a0\u00a0\u00a0\u00a0\u00a0\u00a0\u00a0\u00a0\u00a0\u00a0\u00a0\u00a0\u00a0b)\u00c7ocuk Vakf\u0131<\/p>\n<p>c)L\u00d6SEV \u00a0\u00a0\u00a0\u00a0\u00a0\u00a0\u00a0\u00a0\u00a0\u00a0\u00a0\u00a0\u00a0\u00a0\u00a0\u00a0\u00a0\u00a0\u00a0\u00a0d)AKUT<\/p>\n<p>&nbsp;<\/p>\n<p>24-A\u015fa\u011f\u0131daki temel hak ve \u00f6zg\u00fcrl\u00fcklerimizden hangisi di\u011ferlerine g\u00f6re daha \u00f6n planda yer al\u0131r?<\/p>\n<p>a)E\u011fitim hakk\u0131\u00a0 b)Sa\u011fl\u0131k hakk\u0131<\/p>\n<p>c)Ya\u015fama hakk\u0131 d) Dilek\u00e7e hakk\u0131<\/p>\n<p>&nbsp;<\/p>\n<p>25-\u2019\u2019Kimseye eziyet ve i\u015fkence yap\u0131lamaz.Kimse insan haysiyetiyle ba\u011fda\u015fmayan bir cezaya tabi tutulmaz.\u2019\u2019<\/p>\n<p><b>A\u015fa\u011f\u0131dakilerden hangisinin yukar\u0131daki ifadeyle ili\u015fkisi <span style=\"text-decoration: underline;\">en azd\u0131r?<\/span><\/b><\/p>\n<p>A)Ki\u015fi dokunulmazl\u0131\u011f\u0131<\/p>\n<p>B)Ki\u015fi g\u00fcvenli\u011fi<\/p>\n<p>C)D\u00fc\u015f\u00fcnce ve kanaat \u00d6zg\u00fcrl\u00fc\u011f\u00fc<\/p>\n<p>D)Ya\u015fama hakk\u0131<\/p>\n<p align=\"center\">Yaz\u0131l\u0131n\u0131n G\u00f6rselli ve Tam Halini \u0130ndirmek \u0130\u00e7in <strong><span style=\"color: #ff0000;\"><a href=\"http:\/\/www.sorubak.com\/8sinif-vatandaslik-2donem-2yazili-sorulari-20122013_56338.htm\" target=\"_blank\"><span style=\"color: #ff0000;\">TIKLAYINIZ<\/span><\/a><\/span><\/strong><\/p>\n","protected":false},"excerpt":{"rendered":"<p>Yaz\u0131l\u0131n\u0131n G\u00f6rselli ve Tam Halini \u0130ndirmek \u0130\u00e7in TIKLAYINIZ \u00a02012-2013 E\u011e\u0130T\u0130M ve \u00d6\u011eRET\u0130M YILI \u2026\u2026\u2026\u2026\u2026\u2026\u2026\u2026. \u0130LK\u00d6\u011eRET\u0130M OKULU VATANDA\u015eLIK ve DEMOKRAS\u0130 E\u011e\u0130T\u0130M\u0130 DERS\u0130 II. D\u00d6NEM II. YAZILI DE\u011eERLEND\u0130RME ***S\u0131nav\u0131n\u0131z 25 test sorusundan olu\u015fmaktad\u0131r. Her do\u011fru cevap 4 puan de\u011ferinde olup s\u0131nav s\u00fcreniz 35 dakikad\u0131r. Cevaplar\u0131n\u0131z\u0131 mutlaka cevap anahtar\u0131 \u00fczerinde de belirtiniz.Ba\u015far\u0131lar dileriz\u2026 1- A\u015fa\u011f\u0131dakilerden hangisi \u00e7evremizde kar\u015f\u0131la\u015ft\u0131\u011f\u0131m\u0131z &#8230; <a title=\"8.s\u0131n\u0131f Vatanda\u015fl\u0131k 2.d\u00f6nem 2.yaz\u0131l\u0131 sorular\u0131 23 May\u0131s 2013\" class=\"read-more\" href=\"https:\/\/www.sorubak.com\/blog\/8-sinif-vatandaslik-2-donem-2-yazili-sorulari-23-mayis-2013.html\" aria-label=\"More on 8.s\u0131n\u0131f Vatanda\u015fl\u0131k 2.d\u00f6nem 2.yaz\u0131l\u0131 sorular\u0131 23 May\u0131s 2013\">Devam\u0131n\u0131 oku&#8230;<\/a><\/p>\n","protected":false},"author":1686,"featured_media":0,"comment_status":"open","ping_status":"open","sticky":false,"template":"","format":"standard","meta":{"footnotes":""},"categories":[13370],"tags":[16240,16242,16241],"class_list":["post-42496","post","type-post","status-publish","format-standard","hentry","category-yazili-sorulari","tag-8-sinif-vatandaslik-2-donem-2-yazili-sorulari","tag-8-sinif-vatandaslik-2-donem-2-yazili-sorulari-2012-2013","tag-8-sinif-vatandaslik-2-donem-2-yazili-sorulari-2013"],"_links":{"self":[{"href":"https:\/\/www.sorubak.com\/blog\/wp-json\/wp\/v2\/posts\/42496","targetHints":{"allow":["GET"]}}],"collection":[{"href":"https:\/\/www.sorubak.com\/blog\/wp-json\/wp\/v2\/posts"}],"about":[{"href":"https:\/\/www.sorubak.com\/blog\/wp-json\/wp\/v2\/types\/post"}],"author":[{"embeddable":true,"href":"https:\/\/www.sorubak.com\/blog\/wp-json\/wp\/v2\/users\/1686"}],"replies":[{"embeddable":true,"href":"https:\/\/www.sorubak.com\/blog\/wp-json\/wp\/v2\/comments?post=42496"}],"version-history":[{"count":0,"href":"https:\/\/www.sorubak.com\/blog\/wp-json\/wp\/v2\/posts\/42496\/revisions"}],"wp:attachment":[{"href":"https:\/\/www.sorubak.com\/blog\/wp-json\/wp\/v2\/media?parent=42496"}],"wp:term":[{"taxonomy":"category","embeddable":true,"href":"https:\/\/www.sorubak.com\/blog\/wp-json\/wp\/v2\/categories?post=42496"},{"taxonomy":"post_tag","embeddable":true,"href":"https:\/\/www.sorubak.com\/blog\/wp-json\/wp\/v2\/tags?post=42496"}],"curies":[{"name":"wp","href":"https:\/\/api.w.org\/{rel}","templated":true}]}}