{"id":42490,"date":"2013-05-22T21:24:48","date_gmt":"2013-05-22T19:24:48","guid":{"rendered":"http:\/\/www.sorubak.com\/blog\/?p=42490"},"modified":"2013-05-22T21:24:48","modified_gmt":"2013-05-22T19:24:48","slug":"8-sinif-inkilap-tarihi-2-donem-2-yazili-sorulari-23-mayis-2013","status":"publish","type":"post","link":"https:\/\/www.sorubak.com\/blog\/8-sinif-inkilap-tarihi-2-donem-2-yazili-sorulari-23-mayis-2013.html","title":{"rendered":"8.s\u0131n\u0131f \u0130nk\u0131lap Tarihi 2.d\u00f6nem 2.yaz\u0131l\u0131 sorular\u0131 23 May\u0131s 2013"},"content":{"rendered":"<p style=\"text-align: center;\">Yaz\u0131l\u0131n\u0131n G\u00f6rselli ve Tam Halini \u0130ndirmek \u0130\u00e7in <strong><span style=\"color: #ff0000;\"><a href=\"http:\/\/www.sorubak.com\/8sinif-inkilap-tarihi-ve-ataturkculuk-2donem-2yazili-sorulari-20122013_56337.htm\" target=\"_blank\"><span style=\"color: #ff0000;\">TIKLAYINIZ<\/span><\/a><\/span><\/strong><\/p>\n<div>\n<p align=\"center\">\u00a0 \u00a0 \u00a0 \u00a0 \u00a0 \u00a0 \u00a0\u00a0<b>2012\/2013 E\u011fitim-\u00d6\u011fretim Y\u0131l\u0131 \/ G\u00dcNKIRI \u00a0\u0130LK\u00d6\u011eRET\u0130M OKULU<\/b><\/p>\n<p align=\"center\"><b>\u201cT.C. \u0130NKIL\u00c2P TAR\u0130H\u0130 ve ATAT\u00dcRK\u00c7\u00dcL\u00dcK\u201d 8. SINIFLAR<\/b><\/p>\n<p align=\"center\"><b>II.D\u00d6NEM II.YAZILI SINAVI<\/b><\/p>\n<p><b>Ad\u0131 Soyad\u0131 \/ No : \u2026\u2026\u2026\u2026\u2026\u2026\u2026\u2026\u2026\u2026\u2026\u2026\u2026\u2026..\u00a0\u00a0\u00a0\u00a0\u00a0\u00a0\u00a0\u00a0\u00a0\u00a0\u00a0\u00a0\u00a0\u00a0\u00a0\u00a0\u00a0\u00a0\u00a0\u00a0\u00a0\u00a0\u00a0\u00a0\u00a0\u00a0\u00a0\u00a0\u00a0\u00a0\u00a0\u00a0\u00a0\u00a0\u00a0\u00a0\u00a0\u00a0\u00a0\u00a0\u00a0\u00a0\u00a0\u00a0\u00a0\u00a0\u00a0\u00a0\u00a0\u00a0\u00a0\u00a0\u00a0\u00a0\u00a0\u00a0\u00a0\u00a0\u00a0\u00a0\u00a0\u00a0\u00a0\u00a0\u00a0\u00a0\u00a0\u00a0\u00a0\u00a0\u00a0 Ald\u0131\u011f\u0131 Not:\u2026\u2026\u2026\u2026\u2026\u2026\u2026.<\/b><\/p>\n<p>&nbsp;<\/p>\n<\/div>\n<div>\n<ol>\n<li>Tekke ve t\u00fcrbelerin kapat\u0131lmas\u0131,<\/li>\n<li>II. Birinci Be\u015f Y\u0131ll\u0131k Kalk\u0131nma Pl\u00e2n\u0131n\u0131n uygu\u00adlanmas\u0131,<\/li>\n<\/ol>\n<p>III. T\u00fcrk Dil Kurumunun kurulmas\u0131, gibi yeni\u00adlikler yap\u0131lm\u0131\u015ft\u0131r.<\/p>\n<p><b>Bu yeniliklerin Atat\u00fcrk ilkeleriyle\u00a0 ili\u015fkisi hangi se\u00e7enekte do\u011fru olarak verilmi\u015ftir?<\/b><\/p>\n<p><b>\u00a0\u00a0\u00a0\u00a0\u00a0\u00a0\u00a0\u00a0\u00a0\u00a0\u00a0\u00a0\u00a0\u00a0 <span style=\"text-decoration: underline;\">\u00a0\u00a0\u00a0\u00a0\u00a0I\u00a0\u00a0\u00a0 <\/span>\u00a0\u00a0\u00a0\u00a0\u00a0\u00a0\u00a0\u00a0\u00a0\u00a0\u00a0<span style=\"text-decoration: underline;\">\u00a0\u00a0\u00a0\u00a0\u00a0II\u00a0\u00a0\u00a0\u00a0 <\/span>\u00a0\u00a0\u00a0\u00a0\u00a0\u00a0\u00a0\u00a0\u00a0\u00a0\u00a0\u00a0<span style=\"text-decoration: underline;\">\u00a0\u00a0\u00a0\u00a0III\u00a0\u00a0\u00a0\u00a0 _<\/span><\/b><\/p>\n<p>A)\u00a0\u00a0 Cumhuriyet\u00e7ilik \u0130nk\u0131lap\u00e7\u0131l\u0131k\u00a0\u00a0\u00a0\u00a0\u00a0 Halk\u00e7\u0131l\u0131k<\/p>\n<p>B)\u00a0\u00a0\u00a0\u00a0 L\u00e2iklik\u00a0\u00a0\u00a0\u00a0\u00a0\u00a0\u00a0\u00a0\u00a0\u00a0\u00a0\u00a0\u00a0 Devlet\u00e7ilik\u00a0\u00a0\u00a0\u00a0\u00a0\u00a0\u00a0\u00a0 Milliyet\u00e7ilik<\/p>\n<p>C)\u00a0\u00a0 Devlet\u00e7ilik\u00a0\u00a0\u00a0\u00a0\u00a0\u00a0\u00a0 L\u00e2iklik\u00a0\u00a0\u00a0\u00a0\u00a0\u00a0\u00a0\u00a0\u00a0\u00a0\u00a0\u00a0\u00a0\u00a0 Cumhuriyet\u00e7ilik<\/p>\n<p>D)\u00a0\u00a0 Halk\u00e7\u0131l\u0131k\u00a0\u00a0\u00a0\u00a0\u00a0\u00a0\u00a0\u00a0\u00a0 Cumhuriyet\u00e7ilik\u00a0\u00a0 \u00a0L\u00e2iklik<\/p>\n<p>(2005 &#8211; OKS) <a href=\"http:\/\/www.sorubak.com\">www.sorubak.com<\/a><\/p>\n<p><b>\u00a0<\/b><\/p>\n<p><b>2.\u00a0\u00a0\u00a0\u00a0\u00a0\u00a0\u00a0\u00a0\u00a0\u00a0\u00a0\u00a0 Atat\u00fcrk <\/b>&#8220;Her birey istedi\u011fini d\u00fc\u015f\u00fcnmek, istedi\u011fine inanmak; kendine \u00f6zg\u00fc siyasi bir fikre sahip olmak, mensup oldu\u011fu bir dinin gereklerini yapmak veya yapmamak hak ve h\u00fcrriyetine sahiptir.&#8221; <b>s\u00f6z\u00fc ile laikli\u011fin;<\/b><\/p>\n<p>I. Din ve devlet i\u015flerini birbirinden ay\u0131rmas\u0131,<\/p>\n<p>II. Din ve vicdan \u00f6zg\u00fcrl\u00fc\u011f\u00fcn\u00fcn g\u00fcvencesi ol\u00admas\u0131, III. Dinin siyasete alet edilmesini \u00f6nlemesi, IV Dini yanl\u0131\u015f ve temelsiz inan\u00e7lardan ar\u0131nd\u0131r\u00admas\u0131<\/p>\n<p><b>\u00f6zelliklerinden hangisinin veya hangilerinin <\/b><b>\u00f6nemini vurgulam\u0131\u015ft\u0131r?<\/b><\/p>\n<p>A) Yaln\u0131z l\u00a0\u00a0\u00a0\u00a0\u00a0\u00a0\u00a0\u00a0\u00a0\u00a0\u00a0\u00a0\u00a0\u00a0\u00a0\u00a0\u00a0\u00a0\u00a0\u00a0\u00a0\u00a0\u00a0\u00a0\u00a0\u00a0\u00a0\u00a0\u00a0\u00a0 B) Yaln\u0131z II<\/p>\n<p>C) I ve III\u00a0\u00a0\u00a0\u00a0\u00a0\u00a0\u00a0\u00a0\u00a0\u00a0\u00a0\u00a0\u00a0\u00a0\u00a0\u00a0\u00a0\u00a0\u00a0\u00a0\u00a0\u00a0\u00a0\u00a0\u00a0\u00a0\u00a0\u00a0\u00a0\u00a0\u00a0\u00a0 D) II, III ve IV<\/p>\n<p>(2007 &#8211; OKS)<\/p>\n<p>&nbsp;<\/p>\n<p><b>3.<\/b>\u00a0\u00a0 Cumhuriyet D\u00f6neminde hukuksal ve toplum\u00ad<br \/>\nsal alanda yap\u0131lan ink\u0131laplarla herkes yasalar<br \/>\n\u00f6n\u00fcnde e\u015fit kabul edilmi\u015ftir. Hi\u00e7bir ki\u015fiye, aile\u00ad<br \/>\nye ve z\u00fcmreye ayr\u0131cal\u0131k tan\u0131nmam\u0131\u015ft\u0131r. B\u00f6yle\u00ad<br \/>\nce, \u00e7\u0131karlar\u0131 ortak ve dayan\u0131\u015fma i\u00e7inde, olan<br \/>\n\u00e7a\u011fda\u015f bir toplum olu\u015fturulmak istenmi\u015ftir.<\/p>\n<p><b>Bu bilgilere g\u00f6re hukuksal ve toplumsal alanda yap\u0131lan ink\u0131laplar;<\/b><\/p>\n<p>I. Cumhuriyet\u00e7ilik<\/p>\n<p>II. Laiklik<\/p>\n<p>III. Halk\u00e7\u0131l\u0131k<\/p>\n<p><b>ilkelerinden <span style=\"text-decoration: underline;\">daha \u00e7ok<\/span> hangisi veya hangile\u00ad<\/b><b>riyle ili\u015fkilendirilebilir?<\/b><\/p>\n<p>A)\u00a0 I ve II\u00a0\u00a0\u00a0\u00a0\u00a0\u00a0\u00a0\u00a0\u00a0\u00a0\u00a0\u00a0\u00a0\u00a0\u00a0\u00a0\u00a0\u00a0\u00a0\u00a0\u00a0\u00a0\u00a0\u00a0\u00a0\u00a0\u00a0\u00a0\u00a0\u00a0\u00a0\u00a0 B) II ve III<\/p>\n<p>C) Yaln\u0131z I\u00a0\u00a0\u00a0\u00a0\u00a0\u00a0\u00a0\u00a0\u00a0\u00a0\u00a0\u00a0\u00a0\u00a0\u00a0\u00a0\u00a0\u00a0\u00a0\u00a0\u00a0\u00a0\u00a0\u00a0\u00a0\u00a0\u00a0\u00a0\u00a0 D) Yaln\u0131z II<\/p>\n<p>(2006 &#8211; OKS)<\/p>\n<p>&nbsp;<\/p>\n<p>4.<b>Atat\u00fcrk, <\/b>&#8220;D\u00fcnyan\u0131n her t\u00fcrl\u00fc ilminden, bulu\u015flar\u0131ndan, ilerlemelerinden yararlanal\u0131m, fakat as\u0131l temeli kendi i\u00e7imizden \u00e7\u0131karmak zorunda\u00ady\u0131z.&#8221; <b>s\u00f6z\u00fc ile e\u011fitimin <span style=\"text-decoration: underline;\">\u00f6zellikle<\/span> hangi nitelik\u00ad<\/b><b>lere sahip olmas\u0131n\u0131 istemi\u015ftir?<\/b><\/p>\n<p>A)\u00a0\u00a0\u00a0\u00a0 \u00c7a\u011fda\u015f ve milli<\/p>\n<p>B)\u00a0\u00a0\u00a0\u00a0 Karma ve e\u015fitlik\u00e7i<\/p>\n<p>C)\u00a0\u00a0\u00a0\u00a0 Paras\u0131z ve zorunlu<\/p>\n<p>D)\u00a0\u00a0\u00a0\u00a0 Geleneksel ve demokratik<\/p>\n<p>(2006 &#8211; OKS)<\/p>\n<p>&nbsp;<\/p>\n<p><b>5.<\/b>\u00a0\u00a0\u00a0\u00a0 Cumhuriyet&#8217;in il\u00e2n\u0131ndan sonra;<\/p>\n<ul>\n<li>Eski rakamlar\u0131n yerine bug\u00fcn kullan\u0131lan uluslar aras\u0131 rakamlar\u0131n kabul\u00fc<\/li>\n<li>Osmanl\u0131 Devleti zaman\u0131nda a\u011f\u0131rl\u0131k ve uzunluk \u00f6l\u00e7\u00fcleri olarak kullan\u0131lan endaze, ar\u015f\u0131n, okka, dirhem yerine metre ve kilogram kullan\u0131lmas\u0131<\/li>\n<li>Hafta sonu tatilinin Cuma g\u00fcn\u00fcnden Pazar g\u00fcn\u00fcne al\u0131nmas\u0131 ile ilgili yasal d\u00fczenlemeler yap\u0131lm\u0131\u015ft\u0131r.<\/li>\n<\/ul>\n<p><b>Bu yasal d\u00fczenlemelerle ula\u015f\u0131lmak istenen ama\u00e7 a\u015fa\u011f\u0131dakilerden hangisidir?<\/b><\/p>\n<p>A)\u00a0\u00a0\u00a0\u00a0 Bat\u0131l\u0131 devletlerle ekonomik ve sosyal ya\u015fant\u0131da uyum sa\u011flamak<\/p>\n<p>B)\u00a0\u00a0\u00a0\u00a0 Mill\u00ee ekonomiyi kurmak<\/p>\n<p>C)\u00a0\u00a0\u00a0\u00a0 Yurtta\u015flar aras\u0131nda e\u015fitli\u011fi sa\u011flamak<\/p>\n<p>D)\u00a0\u00a0\u00a0\u00a0 Ticar\u00ee hayat\u0131 kolayla\u015ft\u0131rmak<\/p>\n<p>(2004 &#8211; OKS<\/p>\n<p>&nbsp;<\/p>\n<p><b>6.\u00a0\u00a0\u00a0\u00a0\u00a0 <\/b>1934&#8217;te \u00e7\u0131kart\u0131lan soyad\u0131 kanunu ile her ailenin; r\u00fctbe, memur, ulus adlar\u0131 ile ahlaka ayk\u0131r\u0131 ve g\u00fcl\u00fcn\u00e7 olmayan T\u00fcrk\u00e7e bir soyad\u0131 alma zo\u00adrunlulu\u011fu getirilmi\u015ftir. Yine ayn\u0131 y\u0131l kabul edi\u00adlen bir ba\u015fka kanunla da a\u011fa, hac\u0131, hoca, bey, pa\u015fa gibi unvanlar\u0131n kullan\u0131lmas\u0131 da yasaklan\u00adm\u0131\u015ft\u0131r.<b><\/b><\/p>\n<p><b>\u00a0<\/b><\/p>\n<p><b>A\u015fa\u011f\u0131dakilerden hangisi bu kararlar\u0131n al\u0131n\u00adma ama\u00e7lar\u0131ndan birisidir?<\/b><b><\/b><\/p>\n<p>A)\u00a0\u00a0\u00a0\u00a0 Toplumda ayr\u0131cal\u0131klara yol a\u00e7abilecek etki\u00adleri engellemek<\/p>\n<p>B)\u00a0\u00a0\u00a0\u00a0 Dilde sadele\u015ftirmeyi ger\u00e7ekle\u015ftirmek<\/p>\n<p>C)\u00a0\u00a0\u00a0\u00a0 Halk\u0131n y\u00f6netime kat\u0131lmas\u0131n\u0131 sa\u011flamak<\/p>\n<p>D)\u00a0\u00a0\u00a0\u00a0 Yeni hukuk sisteminin kurulmas\u0131na yard\u0131m\u00adc\u0131 olmak<\/p>\n<p><b>(2003 &#8211; \u00d6O)<\/b><\/p>\n<p>&nbsp;<\/p>\n<p><b>7.<\/b> Kurtulu\u015f Sava\u015f\u0131n\u0131n \u00f6nemli a\u015famalar\u0131ndan biri olan B\u00fcy\u00fck Taarruz, 26 A\u011fustos sabah\u0131 T\u00fcrk top\u00e7usunun ate\u015fiyle ba\u015flad\u0131. 30 A\u011fustosla Ba\u015fkomutan Mustafa Kemal Pa\u015fan\u0131n sevk ve idare etti\u011fi meydan muharebesiyle d\u00fc\u015fman kuvvetleri b\u00fcy\u00fck \u00f6l\u00e7\u00fcde imha edildi. Ba\u015fkomutan hem ka\u00e7an Yunan kuvvetlerini takip et\u00admek hem de onlar\u0131n toparlanmalar\u0131na f\u0131rsat vermemek i\u00e7in 1 Eyl\u00fcl 1922 g\u00fcn\u00fc <b>&#8220;Ordular ilk hedefiniz Akdenizdir, ileri!&#8221;<\/b> emrini verdi.<\/p>\n<p><b>Buna g\u00f6re, B\u00fcy\u00fck Taarruzun <span style=\"text-decoration: underline;\">temel amac\u0131 <\/span>a\u015fa\u011f\u0131dakilerden hangisidir?<\/b><\/p>\n<p>A)\u00a0\u00a0\u00a0\u00a0 T\u00fcrk ordusunun g\u00fc\u00e7lenmesi i\u00e7in zaman kazanmak<\/p>\n<p>B)\u00a0\u00a0\u00a0\u00a0 Yunanl\u0131lar\u0131 tamamen Anadolu topraklar\u0131ndan atmak<\/p>\n<p>C)\u00a0\u00a0\u00a0 Yunan ordusuna kar\u015f\u0131 savunma hatt\u0131 olu\u015fturmak<\/p>\n<p>D)\u00a0\u00a0\u00a0 itilaf devletlerini oyalamak<\/p>\n<p align=\"right\">(2005 &#8211; OKS)<\/p>\n<p><b>8. Amasya Genelgesi&#8217;nin maddelerinden ba\u00ad<\/b><b>z\u0131lar\u0131 \u015funlard\u0131r:<\/b><\/p>\n<ul>\n<li>Vatan\u0131n b\u00fct\u00fcnl\u00fc\u011f\u00fc, milletin ba\u011f\u0131ms\u0131zl\u0131\u011f\u0131 teh\u00adlikededir.<\/li>\n<li>\u0130stanbul&#8217;daki h\u00fck\u00fcmet \u00fczerine ald\u0131\u011f\u0131 so\u00adrumlulu\u011fun gereklerini yerine getirememek\u00adtedir.<\/li>\n<li>Milletin ba\u011f\u0131ms\u0131zl\u0131\u011f\u0131n\u0131 yine milletin azim ve karar\u0131 kurtaracakt\u0131r.<\/li>\n<li>Milletin haklar\u0131n\u0131 dile getirip b\u00fct\u00fcn d\u00fcnyaya duyurmak i\u00e7in mill\u00ee bir kurulun varl\u0131\u011f\u0131 ge\u00adreklidir.<\/li>\n<\/ul>\n<p><b>Bu maddelere g\u00f6re, Milli M\u00fccadele ile ilgili olarak a\u015fa\u011f\u0131daki sorulardan hangisinin ce\u00advab\u0131na <span style=\"text-decoration: underline;\">ula\u015f\u0131lamaz<\/span>?<\/b><\/p>\n<p>A)\u00a0\u00a0\u00a0\u00a0 Mill\u00ee direni\u015f ni\u00e7in ba\u015flamal\u0131d\u0131r?<\/p>\n<p>B)\u00a0\u00a0\u00a0\u00a0 Kurtulu\u015f Sava\u015f\u0131&#8217;n\u0131n \u00f6nderi kim olmal\u0131d\u0131r?<\/p>\n<p>C)\u00a0\u00a0\u00a0\u00a0 Mill\u00ee M\u00fccadele&#8217;de nas\u0131l bir yol izlenmelidir?<\/p>\n<p>D)\u00a0\u00a0\u00a0\u00a0 Mill\u00ee M\u00fccadele nas\u0131l y\u00f6netilecektir?<\/p>\n<p align=\"right\">(2006 &#8211; OKS)<\/p>\n<p>&nbsp;<\/p>\n<p><b>9.\u00a0\u00a0\u00a0\u00a0\u00a0\u00a0\u00a0\u00a0\u00a0\u00a0\u00a0\u00a0 Erzurum Kongresi&#8217;nde;<\/b><\/p>\n<ul>\n<li>Manda ve himaye kabul olunamaz.\n<ul>\n<li>Mill\u00ee s\u0131n\u0131rlar i\u00e7inde vatan bir b\u00fct\u00fcnd\u00fcr, par\u00ad\u00e7alanamaz.<\/li>\n<li>Kuva-yi Milliye&#8217;yi etken ve milli iradeyi ege\u00admen k\u0131lmak esast\u0131r.<\/li>\n<li>Milli Meclisin hemen toplanmas\u0131na \u00e7al\u0131\u015f\u0131la\u00adcakt\u0131r;<\/li>\n<\/ul>\n<\/li>\n<\/ul>\n<p><b>kararlar\u0131 al\u0131nm\u0131\u015ft\u0131r.<\/b><\/p>\n<p><b>Bu kararlar;<\/b><\/p>\n<p>I. Ba\u011f\u0131ms\u0131zl\u0131k II. \u00c7a\u011fda\u015fl\u0131k<\/p>\n<ol>\n<li>Mill\u00ee egemenlik<\/li>\n<li>Mill\u00ee birlik ve beraberlik<\/li>\n<\/ol>\n<p><b>ilkelerinden\u00a0 hangisinin veya\u00a0 hangilerinin benimsendi\u011fine kan\u0131t olabilir?<\/b><\/p>\n<p>A) Yaln\u0131z l\u00a0\u00a0\u00a0\u00a0\u00a0\u00a0\u00a0\u00a0\u00a0\u00a0\u00a0\u00a0\u00a0\u00a0\u00a0\u00a0\u00a0\u00a0\u00a0\u00a0\u00a0\u00a0\u00a0\u00a0\u00a0\u00a0\u00a0\u00a0\u00a0\u00a0 B) Yaln\u0131z IV<\/p>\n<p>C) II ve III\u00a0\u00a0\u00a0\u00a0\u00a0\u00a0\u00a0\u00a0\u00a0\u00a0\u00a0\u00a0\u00a0\u00a0\u00a0\u00a0\u00a0\u00a0\u00a0\u00a0\u00a0\u00a0\u00a0\u00a0\u00a0\u00a0\u00a0\u00a0\u00a0\u00a0\u00a0 D) I, III ve IV<\/p>\n<p>(2006 &#8211; OKS<\/p>\n<p align=\"center\"><b>10.\u00a0 Misak\u0131mill\u00ee belgesinde yer alan <\/b>&#8220;Mill\u00ee ve eko\u00adnomik geli\u015fmemizi engelleyen siyasi, adli ve mali s\u0131n\u0131rlamalar kald\u0131r\u0131lmal\u0131d\u0131r.&#8221; <b>karar\u0131 ile a\u015fa-<\/b><b>\u011f\u0131dakilerden hangisinin kald\u0131r\u0131lmas\u0131 ama\u00e7\u00adlanm\u0131\u015ft\u0131r?<\/b><\/p>\n<p>A)\u00a0\u00a0\u00a0\u00a0 Kapit\u00fclasyonlar\u0131n<\/p>\n<p>B)\u00a0\u00a0\u00a0\u00a0 Saltanat\u0131n<\/p>\n<p>C)\u00a0\u00a0\u00a0\u00a0 A\u015far vergisinin<\/p>\n<p>D)\u00a0\u00a0\u00a0\u00a0 Halifeli\u011fin<\/p>\n<p align=\"right\">(2007 &#8211; OKS)<\/p>\n<p>11. <b>Birinci D\u00fcnya Sava\u015f\u0131 sonunda;<\/b><\/p>\n<p>I. Avusturya &#8211; Macaristan \u0130mparatorlu\u011fu&#8217;nun par\u00e7alanmas\u0131 ve topraklar\u0131 \u00fczerinde yeni devletlerin kurulmas\u0131<\/p>\n<p>II. Almanya&#8217;da krall\u0131\u011f\u0131n y\u0131k\u0131larak cumhuriyetin ilan edilmesi<\/p>\n<ol>\n<li>Avrupa haritas\u0131n\u0131n yeniden \u00e7izilmesi\n<ol>\n<li>D\u00fcnya bar\u0131\u015f\u0131n\u0131 korumak amac\u0131yla Milletler Cemiyeti&#8217;nin kurulmas\u0131<\/li>\n<\/ol>\n<\/li>\n<\/ol>\n<p><b>durumlar\u0131ndan hangisi veya hangileri, sa\u00adva\u015ftan yenik \u00e7\u0131kan devletlerin toprak kay\u00ad<\/b><b>betti\u011finin bir g\u00f6stergesidir?<\/b><\/p>\n<p>A) Yaln\u0131z l\u00a0\u00a0 \u00a0\u00a0B) Yaln\u0131z II\u00a0 C) I ve III\u00a0\u00a0\u00a0\u00a0 D) III ve IV<\/p>\n<p align=\"right\">\u00a0(2006 \u2013OKS<\/p>\n<p><b>12-<\/b><\/p>\n<p>&nbsp;<\/p>\n<p><b>13-<\/b><\/p>\n<p>&nbsp;<\/p>\n<p><b>14-<\/b><\/p>\n<p><b>\u00a0<\/b><\/p>\n<p><b>15-<\/b><\/p>\n<p>&nbsp;<\/p>\n<p>16-<\/p>\n<p>&nbsp;<\/p>\n<p>17-<\/p>\n<p>&nbsp;<\/p>\n<p>18-<\/p>\n<p>&nbsp;<\/p>\n<p>19-<\/p>\n<p>&nbsp;<\/p>\n<p><b>20-<\/b><\/p>\n<p><b>Halk\u00e7\u0131l\u0131k ilkesine g\u00f6re, mill\u00ee egemenli\u011fin 14. dayana\u011f\u0131 halkt\u0131r. Halk, \u00fclke y\u00f6netimine kat\u0131labilir. Kanun \u00f6n\u00fcnde t\u00fcm vatanda\u015flar ayn\u0131 haklara sahiptir. Hi\u00e7bir ki\u015fiye, aileye, z\u00fcmreye veya s\u0131n\u0131fa ayr\u0131cal\u0131k tan\u0131namaz.<\/b><\/p>\n<p><b>Buna g\u00f6re; <\/b><\/p>\n<p><b>I- toplumda ayr\u0131cal\u0131k ifade eden unvanlar\u0131n kald\u0131r\u0131lmas\u0131 <\/b><\/p>\n<p><b>II- kad\u0131nlara milletvekili se\u00e7me ve se\u00e7ilme hakk\u0131n\u0131n tan\u0131nmas\u0131<\/b><\/p>\n<p><b>III- medreselerin kapat\u0131lmas\u0131<\/b><\/p>\n<p><b>IV- saltanat\u0131n kald\u0131r\u0131lmas\u0131<\/b><\/p>\n<p><b>ink\u0131laplar\u0131ndan hangilerinin halk\u00e7\u0131l\u0131k ilkesi do\u011frultusunda yap\u0131ld\u0131\u011f\u0131 s\u00f6ylenebilir?<\/b><\/p>\n<p>A) Yaln\u0131z II\u00a0\u00a0\u00a0 B) Yaln\u0131z IV\u00a0\u00a0\u00a0\u00a0 C) I &#8211; III\u00a0\u00a0\u00a0\u00a0\u00a0\u00a0 D) I &#8211; II &#8211; IV<\/p>\n<p>21-<\/p>\n<p>Atat\u00fcrk&#8217;\u00fcn bu s\u00f6z\u00fc, a\u015fa\u011f\u0131daki ilkelerden hangisi ile <span style=\"text-decoration: underline;\">daha fazla<\/span> ilgilidir?<\/p>\n<p>&nbsp;<\/p>\n<p>a)<b> Halk\u00e7\u0131l\u0131k<\/b>\u00a0\u00a0\u00a0\u00a0\u00a0\u00a0\u00a0\u00a0\u00a0 b)<b> Devlet\u00e7ilik\u00a0\u00a0\u00a0\u00a0 <\/b>c)<b> Cumhuriyet\u00e7ilik\u00a0\u00a0\u00a0 <\/b>d)<b> Laiklik<\/b><\/p>\n<p>&nbsp;<\/p>\n<p>22-\u00a0\u00a0\u00a0\u00a0\u00a0\u00a0\u00a0 1929 y\u0131l\u0131nda anayasadan, &#8220;T\u00fcrkiye Cumhuri\u00adyeti Devleti&#8217;nin dini \u0130slam\u2019d\u0131r.&#8221; maddesi \u00e7\u0131kar\u0131lm\u0131\u015ft\u0131r.<\/p>\n<p><b>Bu durum a\u015fa\u011f\u0131daki ilkelerden hangisini ger\u00e7ekle\u015ftirmeye y\u00f6neliktir?<\/b><\/p>\n<p>A) Cumhuriyet\u00e7ilik\u00a0\u00a0\u00a0\u00a0\u00a0\u00a0\u00a0\u00a0\u00a0\u00a0\u00a0\u00a0\u00a0\u00a0\u00a0\u00a0\u00a0 B) Milliyet\u00e7ilik<\/p>\n<p>C) Laiklik\u00a0\u00a0\u00a0\u00a0\u00a0\u00a0\u00a0\u00a0\u00a0\u00a0\u00a0\u00a0\u00a0\u00a0\u00a0\u00a0\u00a0\u00a0\u00a0\u00a0\u00a0\u00a0\u00a0\u00a0\u00a0\u00a0\u00a0\u00a0\u00a0\u00a0\u00a0\u00a0\u00a0 D) Halk\u00e7\u0131l\u0131k<\/p>\n<p>&nbsp;<\/p>\n<p>23-\u00a0\u00a0\u00a0\u00a0\u00a0\u00a0 I. Akla ve mant\u0131\u011fa uygundur.<\/p>\n<p>II. Bir b\u00fct\u00fcnd\u00fcr, birbirlerinden ayr\u0131lamazlar.<\/p>\n<ol>\n<li>Bilimsel faaliyetlerde Bat\u0131&#8217;n\u0131n takip edilme\u00adsinin reddeder.<\/li>\n<li>T\u00fcrk toplumunun ihtiya\u00e7lar\u0131ndan do\u011fmu\u015f\u00adtur.<\/li>\n<\/ol>\n<p><b>Yukar\u0131dakilerden hangisi ya da hangileri, Atat\u00fcrk ilkelerinin <span style=\"text-decoration: underline;\">ortak<\/span> \u00f6zelliklerinden <span style=\"text-decoration: underline;\">de<\/span><\/b><b><span style=\"text-decoration: underline;\">\u011fildir<\/span><\/b><b>?<\/b><\/p>\n<p>A) Yaln\u0131z l\u00a0\u00a0\u00a0\u00a0\u00a0\u00a0\u00a0\u00a0\u00a0\u00a0\u00a0\u00a0\u00a0\u00a0\u00a0\u00a0\u00a0\u00a0\u00a0\u00a0\u00a0\u00a0\u00a0\u00a0\u00a0\u00a0\u00a0\u00a0\u00a0\u00a0\u00a0 B) Yaln\u0131z III<\/p>\n<p>C) I ve IV\u00a0\u00a0\u00a0\u00a0\u00a0\u00a0\u00a0\u00a0\u00a0\u00a0\u00a0\u00a0\u00a0\u00a0\u00a0\u00a0\u00a0\u00a0\u00a0\u00a0\u00a0\u00a0\u00a0\u00a0\u00a0\u00a0\u00a0\u00a0\u00a0\u00a0\u00a0\u00a0\u00a0 D) II ve III<\/p>\n<p>&nbsp;<\/p>\n<p><b>\u00a0\u00a0\u00a0\u00a0 24-\u00a0\u00a0\u00a0\u00a0\u00a0\u00a0 <\/b><b>A\u015fa\u011f\u0131daki yeniliklerden hangisi cumhuriyet<\/b><b>\u00e7ilik ilkesinin bir gere\u011fi <span style=\"text-decoration: underline;\">de\u011fildir<\/span>?<\/b><\/p>\n<p>A)\u00a0\u00a0\u00a0\u00a0 TBMM&#8217;nin a\u00e7\u0131lmas\u0131<\/p>\n<p>B)\u00a0\u00a0\u00a0\u00a0 Saltanat\u0131n kald\u0131r\u0131lmas\u0131<\/p>\n<p>C)\u00a0\u00a0\u00a0 \u00dclkedeki t\u00fcm e\u011fitim kurumlar\u0131n\u0131n Milli E\u011fi\u00adtim Bakanl\u0131\u011f\u0131&#8217;na ba\u011flanmas\u0131<\/p>\n<p>D)\u00a0\u00a0\u00a0 Kad\u0131nlara se\u00e7me ve se\u00e7ilme haklar\u0131n\u0131n ve\u00adrilmesi<\/p>\n<p>&nbsp;<\/p>\n<p>25-<\/p>\n<p>HER SORU 4 PUANDIR\u2026..<\/p>\n<p>BA\u015eARILAR\u2026<\/p>\n<p><a href=\"http:\/\/www.sorubak.com\">www.sorubak.com<\/a><\/p>\n<\/div>\n<p style=\"text-align: center;\">Yaz\u0131l\u0131n\u0131n G\u00f6rselli ve Tam Halini \u0130ndirmek \u0130\u00e7in <strong><span style=\"color: #ff0000;\"><a href=\"http:\/\/www.sorubak.com\/8sinif-inkilap-tarihi-ve-ataturkculuk-2donem-2yazili-sorulari-20122013_56337.htm\" target=\"_blank\"><span style=\"color: #ff0000;\">TIKLAYINIZ<\/span><\/a><\/span><\/strong><\/p>\n","protected":false},"excerpt":{"rendered":"<p>Yaz\u0131l\u0131n\u0131n G\u00f6rselli ve Tam Halini \u0130ndirmek \u0130\u00e7in TIKLAYINIZ \u00a0 \u00a0 \u00a0 \u00a0 \u00a0 \u00a0 \u00a0\u00a02012\/2013 E\u011fitim-\u00d6\u011fretim Y\u0131l\u0131 \/ G\u00dcNKIRI \u00a0\u0130LK\u00d6\u011eRET\u0130M OKULU \u201cT.C. \u0130NKIL\u00c2P TAR\u0130H\u0130 ve ATAT\u00dcRK\u00c7\u00dcL\u00dcK\u201d 8. SINIFLAR II.D\u00d6NEM II.YAZILI SINAVI Ad\u0131 Soyad\u0131 \/ No : \u2026\u2026\u2026\u2026\u2026\u2026\u2026\u2026\u2026\u2026\u2026\u2026\u2026\u2026..\u00a0\u00a0\u00a0\u00a0\u00a0\u00a0\u00a0\u00a0\u00a0\u00a0\u00a0\u00a0\u00a0\u00a0\u00a0\u00a0\u00a0\u00a0\u00a0\u00a0\u00a0\u00a0\u00a0\u00a0\u00a0\u00a0\u00a0\u00a0\u00a0\u00a0\u00a0\u00a0\u00a0\u00a0\u00a0\u00a0\u00a0\u00a0\u00a0\u00a0\u00a0\u00a0\u00a0\u00a0\u00a0\u00a0\u00a0\u00a0\u00a0\u00a0\u00a0\u00a0\u00a0\u00a0\u00a0\u00a0\u00a0\u00a0\u00a0\u00a0\u00a0\u00a0\u00a0\u00a0\u00a0\u00a0\u00a0\u00a0\u00a0\u00a0\u00a0 Ald\u0131\u011f\u0131 Not:\u2026\u2026\u2026\u2026\u2026\u2026\u2026. &nbsp; Tekke ve t\u00fcrbelerin kapat\u0131lmas\u0131, II. Birinci Be\u015f Y\u0131ll\u0131k Kalk\u0131nma Pl\u00e2n\u0131n\u0131n uygu\u00adlanmas\u0131, III. T\u00fcrk Dil Kurumunun &#8230; <a title=\"8.s\u0131n\u0131f \u0130nk\u0131lap Tarihi 2.d\u00f6nem 2.yaz\u0131l\u0131 sorular\u0131 23 May\u0131s 2013\" class=\"read-more\" href=\"https:\/\/www.sorubak.com\/blog\/8-sinif-inkilap-tarihi-2-donem-2-yazili-sorulari-23-mayis-2013.html\" aria-label=\"More on 8.s\u0131n\u0131f \u0130nk\u0131lap Tarihi 2.d\u00f6nem 2.yaz\u0131l\u0131 sorular\u0131 23 May\u0131s 2013\">Devam\u0131n\u0131 oku&#8230;<\/a><\/p>\n","protected":false},"author":1686,"featured_media":0,"comment_status":"open","ping_status":"open","sticky":false,"template":"","format":"standard","meta":{"footnotes":""},"categories":[13370],"tags":[16235,16237,16236],"class_list":["post-42490","post","type-post","status-publish","format-standard","hentry","category-yazili-sorulari","tag-8-sinif-inkilap-tarihi-2-donem-2-yazili-sorulari","tag-8-sinif-inkilap-tarihi-2-donem-2-yazili-sorulari-2012-2013","tag-8-sinif-inkilap-tarihi-2-donem-2-yazili-sorulari-2013"],"_links":{"self":[{"href":"https:\/\/www.sorubak.com\/blog\/wp-json\/wp\/v2\/posts\/42490","targetHints":{"allow":["GET"]}}],"collection":[{"href":"https:\/\/www.sorubak.com\/blog\/wp-json\/wp\/v2\/posts"}],"about":[{"href":"https:\/\/www.sorubak.com\/blog\/wp-json\/wp\/v2\/types\/post"}],"author":[{"embeddable":true,"href":"https:\/\/www.sorubak.com\/blog\/wp-json\/wp\/v2\/users\/1686"}],"replies":[{"embeddable":true,"href":"https:\/\/www.sorubak.com\/blog\/wp-json\/wp\/v2\/comments?post=42490"}],"version-history":[{"count":0,"href":"https:\/\/www.sorubak.com\/blog\/wp-json\/wp\/v2\/posts\/42490\/revisions"}],"wp:attachment":[{"href":"https:\/\/www.sorubak.com\/blog\/wp-json\/wp\/v2\/media?parent=42490"}],"wp:term":[{"taxonomy":"category","embeddable":true,"href":"https:\/\/www.sorubak.com\/blog\/wp-json\/wp\/v2\/categories?post=42490"},{"taxonomy":"post_tag","embeddable":true,"href":"https:\/\/www.sorubak.com\/blog\/wp-json\/wp\/v2\/tags?post=42490"}],"curies":[{"name":"wp","href":"https:\/\/api.w.org\/{rel}","templated":true}]}}