{"id":42146,"date":"2013-05-10T12:38:48","date_gmt":"2013-05-10T10:38:48","guid":{"rendered":"http:\/\/www.sorubak.com\/blog\/?p=42146"},"modified":"2013-05-10T12:38:48","modified_gmt":"2013-05-10T10:38:48","slug":"4-sinif-sosyal-bilgiler-2-donem-3-yazili-2012-2013","status":"publish","type":"post","link":"https:\/\/www.sorubak.com\/blog\/4-sinif-sosyal-bilgiler-2-donem-3-yazili-2012-2013.html","title":{"rendered":"4.s\u0131n\u0131f sosyal bilgiler 2.d\u00f6nem 3.yaz\u0131l\u0131 2012-2013"},"content":{"rendered":"<p style=\"text-align: center;\">Yaz\u0131l\u0131n\u0131n G\u00f6rselli ve Tam Halini \u0130ndirmek \u0130\u00e7in <span style=\"color: #ff0000;\"><strong><a href=\"http:\/\/www.sorubak.com\/4sinif-sosyal-bilgiler-2donem-3yazili-20122013_55512.htm\" target=\"_blank\"><span style=\"color: #ff0000;\">TIKLAYINIZ<\/span><\/a><\/strong><\/span><\/p>\n<div>\n<p align=\"center\"><b>YAYIKLI \u0130LK\u00d6\u011eRET\u0130M OKULU 2012 \u2013 2013 E\u011e\u0130T\u0130M \u00d6\u011eRET\u0130M YILI SOSYAL B\u0130LG\u0130LER DERS\u0130 2. D\u00d6NEM 3. YAZILI SORULARI<\/b><\/p>\n<p align=\"center\"><b><i><a href=\"http:\/\/www.sorubak.com\/\">www.sorubak.com<\/a><\/i><\/b><b><\/b><\/p>\n<p><b>\u00a0 A. A\u015fa\u011f\u0131daki c\u00fcmlelerde bo\u015f b\u0131rak\u0131lan yerlere verilen kelimelerden uygun olanlar\u0131 yaz\u0131n\u0131z.<\/b><\/p>\n<p><b><i>Amerika&#8211;Tokyo&#8211;Suriye&#8212;doppi&#8211;nevruz&#8212;su\u015fi&#8212;ruska&#8212;vali\u2014demokratik&#8211;muhtar<\/i><\/b><\/p>\n<ul>\n<li>\u00dclkemiz g\u00fcneyde\u2026\u2026\u2026\u2026\u2026\u2026\u2026\u2026\u2026..\u2026\u2026.ile kom\u015fudur.<\/li>\n<li>\u00d6zbekler ba\u015flar\u0131na\u2026\u2026\u2026\u2026\u2026\u2026\u2026\u2026\u2026\u2026.\u2026denilen bir ba\u015fl\u0131k takarlar.<\/li>\n<li>Ba\u015fkenti \u2026\u2026\u2026\u2026\u2026\u2026\u2026\u2026\u2026\u2026\u2026..olan Japonya Asya k\u0131tas\u0131n\u0131n do\u011fusundad\u0131r.<\/li>\n<li>Japon yemeklerinden\u2026\u2026\u2026\u2026\u2026\u2026\u2026\u2026\u2026. \u015eerit halinde kesilmi\u015f bal\u0131klar\u0131n kurutulmu\u015f yosuna sar\u0131lmas\u0131yla haz\u0131rlan\u0131r.<\/li>\n<li>Finlandiya\u2019 da g\u00f6ky\u00fcz\u00fcn\u00fcn geceleri de g\u00fcne\u015fli oldu\u011fu d\u00f6neme \u2026\u2026\u2026\u2026\u2026\u2026\u2026.\u2026.. denir.<\/li>\n<li>K\u00f6y, se\u00e7imle i\u015f ba\u015f\u0131na gelen \u2026\u2026\u2026\u2026\u2026\u2026\u2026\u2026\u2026\u2026.. taraf\u0131ndan y\u00f6netilir.<\/li>\n<li>Orta Asya \u00fclkelerinde \u2026\u2026\u2026\u2026\u2026\u2026\u2026.\u2026\u2026\u2026 g\u00fcn\u00fc olan 21 Mart yeni y\u0131l\u0131n ba\u015flang\u0131c\u0131 kabul edilir.<\/li>\n<li>Anneler g\u00fcn\u00fc ilk kez \u2026\u2026\u2026\u2026\u2026\u2026\u2026\u2026\u2026\u2026\u2026&#8230;k\u0131tas\u0131nda kutlanm\u0131\u015ft\u0131r.<\/li>\n<li>Merkezi y\u00f6netimin ildeki en yetkili y\u00f6neticisine \u2026\u2026\u2026\u2026\u2026\u2026.\u2026\u2026\u2026\u2026.. denir.<\/li>\n<li>Kamuoyunun istekleri\u2026\u2026\u2026\u2026\u2026\u2026\u2026\u2026\u2026\u2026\u2026\u2026 \u00fclkelerde y\u00f6neticiler taraf\u0131ndan dikkate al\u0131n\u0131r.<\/li>\n<\/ul>\n<p><b>B. A\u015fa\u011f\u0131daki c\u00fcmlelerden do\u011fru olanlar\u0131n ba\u015f\u0131na D, yanl\u0131\u015f olanlar\u0131n ba\u015f\u0131na Y yaz\u0131n\u0131z.<\/b><\/p>\n<p>(\u00a0\u00a0 ) \u0130nsanlar\u0131n beslenme \u015fekilleri ve yemekleri \u00fclkeden \u00fclkeye de\u011fi\u015fiklikler g\u00f6sterir.<\/p>\n<p>(\u00a0\u00a0 ) T\u00fcrkmenistan T\u00fcrkiye\u2019nin kom\u015fular\u0131ndan biridir.<\/p>\n<p>(\u00a0\u00a0 ) Almanya ,Avrupa k\u0131tas\u0131nda yer alan bir \u00fclkedir.<\/p>\n<p>(\u00a0\u00a0 ) 23 Nisan Ulusal Egemenlik ve \u00c7ocuk Bayram\u0131 1923\u2019ten beri kutlanmaktad\u0131r.<\/p>\n<p>(\u00a0\u00a0 ) Nevruz , \u00fclkemizle birlikte baz\u0131 Balkan \u00fclkelerinde de kutlanmaktad\u0131r.<\/p>\n<p>(\u00a0\u00a0 ) Kimono, Hintlere \u00f6zg\u00fc geleneksel bir giysidir.<\/p>\n<p>(\u00a0\u00a0 ) Anneler G\u00fcn\u00fc her y\u0131l \u015fubat ay\u0131n\u0131n ikinci pazar g\u00fcn\u00fc kutlan\u0131r.<\/p>\n<p>(\u00a0\u00a0 ) Ramazan Bayram\u0131 M\u00fcsl\u00fcmanlar\u0131n kutlad\u0131\u011f\u0131 bir dini bayramd\u0131r.<\/p>\n<p>(\u00a0\u00a0 ) T\u00fcrkiye Cumhuriyeti milli Egemenli\u011fe dayal\u0131 bir devlettir.<\/p>\n<p>(\u00a0\u00a0 ) K\u00f6y muhtar\u0131 g\u00f6revini \u00f6m\u00fcr boyu s\u00fcrd\u00fcr\u00fcr.<\/p>\n<p><b>C.<\/b> <b>A\u015fa\u011f\u0131daki \u00e7oktan se\u00e7meli sorular\u0131 yan\u0131zlay\u0131n\u0131z.<\/b><\/p>\n<p><b>1. A\u015fa\u011f\u0131dakilerden hangisi \u00d6zbekistan\u2019\u0131n en me\u015fhur yemeklerinden biridir?<\/b><\/p>\n<p><b>A) <\/b>Etli ekmek\u00a0\u00a0\u00a0\u00a0\u00a0\u00a0\u00a0\u00a0\u00a0\u00a0\u00a0\u00a0\u00a0 <b>B) <\/b>Su\u015fi\u00a0\u00a0\u00a0\u00a0\u00a0\u00a0\u00a0\u00a0\u00a0\u00a0\u00a0\u00a0\u00a0\u00a0\u00a0 <b>C) <\/b>Mant\u0131\u00a0\u00a0\u00a0\u00a0\u00a0\u00a0\u00a0\u00a0\u00a0\u00a0\u00a0\u00a0\u00a0 <b> D) <\/b>Pilav<\/p>\n<p><b>2. ) Merkezi y\u00f6netim birimleri hangi kentimizdedir?<\/b><\/p>\n<p><b>A) <\/b>Adana\u00a0\u00a0\u00a0\u00a0\u00a0\u00a0\u00a0\u00a0\u00a0\u00a0\u00a0 <b>B) <\/b>Ankara\u00a0\u00a0\u00a0\u00a0\u00a0\u00a0\u00a0\u00a0\u00a0\u00a0\u00a0\u00a0 <b>C) <\/b>\u0130zmir\u00a0\u00a0\u00a0\u00a0\u00a0\u00a0\u00a0\u00a0\u00a0\u00a0\u00a0\u00a0\u00a0\u00a0 <b>D) <\/b>\u0130stanbul<\/p>\n<p><b>3) K\u00f6y i\u015flerinin yard\u0131mla\u015fma ve dayan\u0131\u015fma i\u00e7inde k\u00f6yl\u00fcler taraf\u0131ndan yap\u0131lmas\u0131na ne denir?<\/b><\/p>\n<p><b>A) <\/b>sorumluluk\u00a0\u00a0\u00a0\u00a0\u00a0\u00a0\u00a0\u00a0\u00a0\u00a0\u00a0\u00a0\u00a0\u00a0 <b>B) <\/b>kom\u015fuluk\u00a0\u00a0\u00a0\u00a0\u00a0\u00a0\u00a0\u00a0\u00a0 <b>C) <\/b>imece\u00a0\u00a0\u00a0\u00a0\u00a0\u00a0\u00a0\u00a0\u00a0\u00a0\u00a0\u00a0\u00a0\u00a0 <b>D) <\/b>d. kural<\/p>\n<\/div>\n<p><b>4 )<\/b> <b>A\u015fa\u011f\u0131dakilerden hangisi Hollandal\u0131 bir \u00e7ocukla T\u00fcrk bir \u00e7ocu\u011fun ortak ya\u015fant\u0131lar\u0131ndan biri <span style=\"text-decoration: underline;\">olamaz?<\/span><\/b><\/p>\n<p><b>A) <\/b>Ayn\u0131 dili konu\u015fmak\u00a0\u00a0\u00a0\u00a0\u00a0\u00a0 <b>B) <\/b>Okula gitmek\u00a0\u00a0\u00a0\u00a0\u00a0 <b>C) <\/b>Oyun oynamak\u00a0\u00a0 <b>D) <\/b>Spor yapmak<\/p>\n<p><b>5. Bir \u00fclkede y\u0131l\u0131n her mevsimi so\u011fuk ge\u00e7mekte kar hi\u00e7 erimemektedir. Bu \u00fclkede \u00e7ocuklar daha \u00e7ok ne t\u00fcr giysiler giyerler?<\/b><\/p>\n<p><b>A) <\/b>Ti\u015f\u00f6rt\u00a0\u00a0\u00a0\u00a0\u00a0\u00a0\u00a0\u00a0\u00a0\u00a0\u00a0\u00a0 <b>B) <\/b>G\u00f6mlek\u00a0\u00a0\u00a0\u00a0\u00a0 \u00a0\u00a0\u00a0\u00a0<b>C) <\/b>K\u00fcrkl\u00fc giysiler\u00a0\u00a0\u00a0\u00a0\u00a0\u00a0\u00a0\u00a0\u00a0\u00a0 <b>D) <\/b>\u015eort<\/p>\n<p><b>6.A\u015fa\u011f\u0131dakilerden hangisi \u00fclkeden \u00fclkeye veya insandan insana <span style=\"text-decoration: underline;\">de\u011fi\u015fmez?<\/span><\/b><\/p>\n<p><b>A) <\/b>Biyolojik \u00f6zellikler\u00a0\u00a0\u00a0\u00a0\u00a0\u00a0\u00a0\u00a0\u00a0\u00a0\u00a0\u00a0 <b>B) <\/b>Dil\u00a0\u00a0\u00a0\u00a0\u00a0\u00a0\u00a0\u00a0\u00a0\u00a0\u00a0\u00a0 <b>C) <\/b>K\u00fclt\u00fcr\u00a0\u00a0\u00a0\u00a0\u00a0\u00a0\u00a0\u00a0\u00a0\u00a0\u00a0\u00a0\u00a0\u00a0\u00a0 <b>D) <\/b>Giyim<\/p>\n<p><b>7.A\u015fa\u011f\u0131daki y\u00f6neticilerden hangisi se\u00e7imle i\u015fba\u015f\u0131na <span style=\"text-decoration: underline;\">gelmez?<\/span><\/b><\/p>\n<p><b>A)<\/b>Milletvekili\u00a0\u00a0\u00a0\u00a0\u00a0\u00a0\u00a0\u00a0\u00a0\u00a0\u00a0 <b>B)\u00a0 <\/b>Belediye ba\u015fkan\u0131\u00a0\u00a0\u00a0\u00a0\u00a0\u00a0\u00a0\u00a0\u00a0 <b>C)<\/b>Vali\u00a0\u00a0\u00a0\u00a0\u00a0\u00a0\u00a0\u00a0\u00a0 <b>D)<\/b>Muhtar<\/p>\n<p><b>8. \u201c<\/b><b> Bu \u015fehir neler g\u00f6rd\u00fc neler! Toprak da kayd\u0131, nehirler de ta\u015ft\u0131, yer de sars\u0131ld\u0131.\u201d \u0130fadesinde a\u015fa\u011f\u0131da verilen do\u011fal afetlerden hangisinden bahsedilmemi\u015ftir? <\/b><\/p>\n<p><b>A) <\/b>deprem\u00a0\u00a0\u00a0\u00a0\u00a0\u00a0\u00a0\u00a0\u00a0\u00a0\u00a0\u00a0\u00a0\u00a0 \u00a0<b>B) <\/b>\u00e7\u0131\u011f\u00a0\u00a0\u00a0\u00a0\u00a0\u00a0\u00a0\u00a0\u00a0\u00a0\u00a0\u00a0\u00a0 \u00a0\u00a0<b>C) <\/b>heyelan\u00a0\u00a0\u00a0\u00a0\u00a0\u00a0\u00a0\u00a0\u00a0\u00a0\u00a0\u00a0\u00a0\u00a0\u00a0\u00a0\u00a0 \u00a0\u00a0<b>D) <\/b>sel<\/p>\n<p><b>9.Tar\u0131klar\u0131n mahallesinde \u00e7\u00f6pler tonlanm\u0131yor. Mahalle sakini olarak, durumu nereye bildirmelidir?\u00a0 <\/b><\/p>\n<p><b>A) <\/b>kaymakaml\u0131k\u00a0\u00a0\u00a0\u00a0\u00a0\u00a0\u00a0\u00a0\u00a0\u00a0 <b>B) <\/b>karakol\u00a0\u00a0\u00a0\u00a0\u00a0\u00a0\u00a0\u00a0 \u00a0\u00a0\u00a0\u00a0\u00a0\u00a0\u00a0\u00a0\u00a0\u00a0\u00a0<b>C) <\/b>valilik\u00a0\u00a0\u00a0\u00a0\u00a0\u00a0\u00a0\u00a0 \u00a0\u00a0\u00a0\u00a0\u00a0\u00a0\u00a0\u00a0\u00a0\u00a0\u00a0<b>D) <\/b>belediye<\/p>\n<p><b>10.A\u015fa\u011f\u0131dakilerden hangisi do\u011fal \u00e7evrenin bozulma nedenleri aras\u0131nda yer almaz?<\/b><\/p>\n<p><b>A) <\/b>Fidan dikilmesi<\/p>\n<p><b>B) <\/b>Fabrika bacalar\u0131na filtre tak\u0131lmamas\u0131<\/p>\n<p><b>C) <\/b>Denizlerin kirletilmesi<\/p>\n<p><b>D) <\/b>Ormanlar\u0131n yak\u0131lmas\u0131<\/p>\n<p style=\"text-align: center;\">Yaz\u0131l\u0131n\u0131n G\u00f6rselli ve Tam Halini \u0130ndirmek \u0130\u00e7in <strong><span style=\"color: #ff0000;\"><a href=\"http:\/\/www.sorubak.com\/4sinif-sosyal-bilgiler-2donem-3yazili-20122013_55512.htm\" target=\"_blank\"><span style=\"color: #ff0000;\">TIKLAYINIZ<\/span><\/a><\/span><\/strong><\/p>\n","protected":false},"excerpt":{"rendered":"<p>Yaz\u0131l\u0131n\u0131n G\u00f6rselli ve Tam Halini \u0130ndirmek \u0130\u00e7in TIKLAYINIZ YAYIKLI \u0130LK\u00d6\u011eRET\u0130M OKULU 2012 \u2013 2013 E\u011e\u0130T\u0130M \u00d6\u011eRET\u0130M YILI SOSYAL B\u0130LG\u0130LER DERS\u0130 2. D\u00d6NEM 3. YAZILI SORULARI www.sorubak.com \u00a0 A. A\u015fa\u011f\u0131daki c\u00fcmlelerde bo\u015f b\u0131rak\u0131lan yerlere verilen kelimelerden uygun olanlar\u0131 yaz\u0131n\u0131z. Amerika&#8211;Tokyo&#8211;Suriye&#8212;doppi&#8211;nevruz&#8212;su\u015fi&#8212;ruska&#8212;vali\u2014demokratik&#8211;muhtar \u00dclkemiz g\u00fcneyde\u2026\u2026\u2026\u2026\u2026\u2026\u2026\u2026\u2026..\u2026\u2026.ile kom\u015fudur. \u00d6zbekler ba\u015flar\u0131na\u2026\u2026\u2026\u2026\u2026\u2026\u2026\u2026\u2026\u2026.\u2026denilen bir ba\u015fl\u0131k takarlar. Ba\u015fkenti \u2026\u2026\u2026\u2026\u2026\u2026\u2026\u2026\u2026\u2026\u2026..olan Japonya Asya k\u0131tas\u0131n\u0131n do\u011fusundad\u0131r. Japon yemeklerinden\u2026\u2026\u2026\u2026\u2026\u2026\u2026\u2026\u2026. &#8230; <a title=\"4.s\u0131n\u0131f sosyal bilgiler 2.d\u00f6nem 3.yaz\u0131l\u0131 2012-2013\" class=\"read-more\" href=\"https:\/\/www.sorubak.com\/blog\/4-sinif-sosyal-bilgiler-2-donem-3-yazili-2012-2013.html\" aria-label=\"More on 4.s\u0131n\u0131f sosyal bilgiler 2.d\u00f6nem 3.yaz\u0131l\u0131 2012-2013\">Devam\u0131n\u0131 oku&#8230;<\/a><\/p>\n","protected":false},"author":1686,"featured_media":0,"comment_status":"open","ping_status":"open","sticky":false,"template":"","format":"standard","meta":{"footnotes":""},"categories":[13370],"tags":[15907],"class_list":["post-42146","post","type-post","status-publish","format-standard","hentry","category-yazili-sorulari","tag-4-sinif-sosyal-bilgiler-2-donem-3-yazili"],"_links":{"self":[{"href":"https:\/\/www.sorubak.com\/blog\/wp-json\/wp\/v2\/posts\/42146","targetHints":{"allow":["GET"]}}],"collection":[{"href":"https:\/\/www.sorubak.com\/blog\/wp-json\/wp\/v2\/posts"}],"about":[{"href":"https:\/\/www.sorubak.com\/blog\/wp-json\/wp\/v2\/types\/post"}],"author":[{"embeddable":true,"href":"https:\/\/www.sorubak.com\/blog\/wp-json\/wp\/v2\/users\/1686"}],"replies":[{"embeddable":true,"href":"https:\/\/www.sorubak.com\/blog\/wp-json\/wp\/v2\/comments?post=42146"}],"version-history":[{"count":0,"href":"https:\/\/www.sorubak.com\/blog\/wp-json\/wp\/v2\/posts\/42146\/revisions"}],"wp:attachment":[{"href":"https:\/\/www.sorubak.com\/blog\/wp-json\/wp\/v2\/media?parent=42146"}],"wp:term":[{"taxonomy":"category","embeddable":true,"href":"https:\/\/www.sorubak.com\/blog\/wp-json\/wp\/v2\/categories?post=42146"},{"taxonomy":"post_tag","embeddable":true,"href":"https:\/\/www.sorubak.com\/blog\/wp-json\/wp\/v2\/tags?post=42146"}],"curies":[{"name":"wp","href":"https:\/\/api.w.org\/{rel}","templated":true}]}}