{"id":1986,"date":"2010-04-22T20:17:07","date_gmt":"2010-04-22T18:17:07","guid":{"rendered":"http:\/\/www.sorubak.com\/blog\/?p=1986"},"modified":"2010-04-22T20:17:07","modified_gmt":"2010-04-22T18:17:07","slug":"kurtulus-savasi-ve-dogu-cephesi","status":"publish","type":"post","link":"https:\/\/www.sorubak.com\/blog\/kurtulus-savasi-ve-dogu-cephesi.html","title":{"rendered":"Kurtulu\u015f Sava\u015f\u0131 ve Do\u011fu Cephesi"},"content":{"rendered":"<p><strong>Ermeni Meselesi<\/strong><\/p>\n<ul>\n<li>Ermeniler XIX. yy ortalar\u0131na kadar Osmanl\u0131 hakimiyetinde bar\u0131\u015f i\u00e7inde ya\u015fam\u0131\u015flar, devlete olan ba\u011fl\u0131l\u0131klar\u0131ndan dolay\u0131 kendilerine &#8220;millet\u2014i sad\u0131ka&#8221; denilmi\u015ftir.<\/li>\n<li>Frans\u0131z ihtilalinin etkisi ve Avrupal\u0131 devletlerin k\u0131\u015fk\u0131rtmalar\u0131 sonucu XIX. yy&#8217;\u0131n sonlar\u0131na do\u011fru Ermeniler ba\u011f\u0131ms\u0131z olma fikrine sahip olmu\u015flard\u0131r.<\/li>\n<li>Ermeni meselesi ilk kez Berlin Antla\u015fmas\u0131&#8217;nda (1878) g\u00fcnde\u00adme gelmi\u015ftir. Bu antla\u015fmada Osmanl\u0131 Devleti&#8217;nden Do\u011fu Anadolu&#8217;da Ermeniler lehine \u0131slahatlar yapmas\u0131 istenmi\u015ftir.<\/li>\n<li>Sultan II. Abd\u00fclhamit Ermenilerin ba\u011f\u0131ms\u0131z olmalar\u0131n\u0131 sa\u011fla\u00adyacak olan bu \u0131slahatlar\u0131 uygulamam\u0131\u015ft\u0131r.<\/li>\n<\/ul>\n<p><strong>I. D<\/strong><strong>\u00fc<\/strong><strong>nya Sava<\/strong><strong>\u015f\u0131<\/strong><strong>&#8216;nda Ermeni Sorunu ve Tehcir Kanunu<\/strong><\/p>\n<ul>\n<li>Ruslar I. D\u00fcnya Sava\u015f\u0131&#8217;nda Kafkas cephesinde Ermenileri kendi \u00e7\u0131karlar\u0131 do\u011frultusunda kullanarak b\u00f6lgedeki T\u00fcrkleri katlettirdiler.<\/li>\n<li>Ermenilerin do\u011fuda sivil halka ve T\u00fcrk ordusuna y\u00f6nelik sal\u00add\u0131r\u0131lar\u0131 \u00fczerine \u0130ttihat\u2014Terakki H\u00fck\u00fcmeti &#8220;Tehcir Kanunu&#8221;nu (1915) \u00e7\u0131kararak katliamlara kar\u0131\u015fan Ermenileri Suriye ve L\u00fcbnan&#8217;a g\u00f6nderdi.<\/li>\n<li>Rusya, 3 Mart 1918&#8217;de imzalad\u0131\u011f\u0131 Brest Litovvsk antla\u015fmas\u0131 ile <a class=\"zem_slink\" title=\"Kars Province\" rel=\"wikipedia nofollow\" href=\"http:\/\/en.wikipedia.org\/wiki\/Kars_Province\" target=\"_blank\">Kars<\/a>, <a class=\"zem_slink\" title=\"Ardahan\" rel=\"wikipedia nofollow\" href=\"http:\/\/en.wikipedia.org\/wiki\/Ardahan\" target=\"_blank\">Ardahan<\/a> ve Batum&#8217;u Osmanl\u0131 Devleti&#8217;ne b\u0131rakm\u0131\u015ft\u0131.<\/li>\n<li>Fakat daha sonra Kars ve \u00e7evresini Ermeniler, Ardahan ve Batum&#8217;u G\u00fcrc\u00fcler i\u015fgal etti.<\/li>\n<li><a class=\"zem_slink\" title=\"Grand National Assembly of Turkey\" rel=\"wikipedia nofollow\" href=\"http:\/\/en.wikipedia.org\/wiki\/Grand_National_Assembly_of_Turkey\" target=\"_blank\">TBMM<\/a>, Osmanl\u0131 Devleti&#8217;nden kalan ve ba\u015f\u0131nda Kaz\u0131m Karabekir Pa\u015fa&#8217;n\u0131n bulundu\u011fu orduya hareket emri verdi.<\/li>\n<\/ul>\n<p><strong>Ermenistan Sava<\/strong><strong>\u015f\u0131<\/strong><\/p>\n<ul>\n<li>TBMM, Ermeni meselesini \u00e7\u00f6zmek i\u00e7in <a class=\"zem_slink\" title=\"K\u00e2z\u0131m Karabekir\" rel=\"wikipedia nofollow\" href=\"http:\/\/en.wikipedia.org\/wiki\/K%C3%A2z%C4%B1m_Karabekir\" target=\"_blank\">K\u00e2z\u0131m Karabekir<\/a> Pa\u015fa&#8217;y\u0131 Do\u011fu cephesi komutanl\u0131\u011f\u0131na tayin etti.<\/li>\n<li>24 Eyl\u00fcl 1920&#8217;de taarruza ge\u00e7en T\u00fcrk ordusu Ermenileri ye\u00adnilgiye u\u011fratt\u0131.<\/li>\n<li>30 Ekim 1920&#8217;de Kars zaferi kazan\u0131ld\u0131.<\/li>\n<\/ul>\n<p><strong><span style=\"text-decoration: underline;\">G<\/span><\/strong><strong><span style=\"text-decoration: underline;\">\u00dc<\/span><\/strong><strong><span style=\"text-decoration: underline;\">MR<\/span><\/strong><strong><span style=\"text-decoration: underline;\">\u00dc<\/span><\/strong><strong><span style=\"text-decoration: underline;\"> ANTLA<\/span><\/strong><strong><span style=\"text-decoration: underline;\">\u015e<\/span><\/strong><strong><span style=\"text-decoration: underline;\">MAS<\/span><\/strong><strong><span style=\"text-decoration: underline;\">I <\/span><\/strong><strong><span style=\"text-decoration: underline;\">3 ARAL<\/span><\/strong><strong><span style=\"text-decoration: underline;\">I<\/span><\/strong><strong><span style=\"text-decoration: underline;\">K 1920<\/span><\/strong><\/p>\n<p>+TBMM ile Ermenistan aras\u0131nda yap\u0131ld\u0131.<\/p>\n<p>1.\u00a0 Aras Nehri\u2014\u00c7\u0131ld\u0131r G\u00f6l\u00fc hatt\u0131 s\u0131n\u0131r olacak<\/p>\n<p>2.\u00a0 Kars, <a class=\"zem_slink\" title=\"Sar\u0131kam\u0131\u015f\" rel=\"wikipedia nofollow\" href=\"http:\/\/en.wikipedia.org\/wiki\/Sar%C4%B1kam%C4%B1%C5%9F\" target=\"_blank\">Sar\u0131kam\u0131\u015f<\/a> ve <a class=\"zem_slink\" title=\"I\u011fd\u0131r Province\" rel=\"wikipedia nofollow\" href=\"http:\/\/en.wikipedia.org\/wiki\/I%C4%9Fd%C4%B1r_Province\" target=\"_blank\">I\u011fd\u0131r<\/a> TBMM&#8217;ye verilecek<\/p>\n<p>3.\u00a0 Ermenistan Sevr&#8217;i tan\u0131mayacak, <a class=\"zem_slink\" title=\"Misak-\u0131 Mill\u00ee\" rel=\"wikipedia nofollow\" href=\"http:\/\/en.wikipedia.org\/wiki\/Misak-%C4%B1_Mill%C3%AE\" target=\"_blank\">Misak-\u0131 Milli<\/a>&#8216;yi tan\u0131yacak<\/p>\n<p><strong>\u00d6<\/strong><strong>nemi:<\/strong><strong><\/strong><\/p>\n<ul>\n<li>TBMM&#8217;ye ba\u011fl\u0131 d\u00fczenli ordunun ilk ba\u015far\u0131s\u0131d\u0131r.<\/li>\n<li>TBMM&#8217;yi ve Misak-\u0131 Milli&#8217;yi ilk tan\u0131yan devlet Ermenistan\u2019d\u0131r.<\/li>\n<li>Ermeni meselesi sona erdi.<\/li>\n<\/ul>\n<p><strong><span style=\"text-decoration: underline;\">Batum Antla<\/span><\/strong><strong><span style=\"text-decoration: underline;\">\u015f<\/span><\/strong><strong><span style=\"text-decoration: underline;\">mas\u0131<\/span><\/strong><strong><span style=\"text-decoration: underline;\"> <\/span><\/strong><strong><span style=\"text-decoration: underline;\">23 <\/span><\/strong><strong><span style=\"text-decoration: underline;\">\u015e<\/span><\/strong><strong><span style=\"text-decoration: underline;\">ubat 1921<\/span><\/strong><\/p>\n<ul>\n<li>TBMM ile G\u00fcrcistan aras\u0131nda yap\u0131ld\u0131.<\/li>\n<li><a class=\"zem_slink\" title=\"Artvin\" rel=\"wikipedia nofollow\" href=\"http:\/\/en.wikipedia.org\/wiki\/Artvin\" target=\"_blank\">Artvin<\/a> ve Batum \u00e7evresi TBMM&#8217;ye b\u0131rak\u0131ld\u0131.<\/li>\n<li>Bu antla\u015fmalardan k\u0131sa bir s\u00fcre sonra Ermenistan ve G\u00fcr\u00adcistan Sovyet Rusya&#8217;n\u0131n egemenli\u011fine girdi.<\/li>\n<li>Bu antla\u015fmalar\u0131n yerine daha sonra Moskova ve Kars ant\u00adla\u015fmalar\u0131 imzaland\u0131.<\/li>\n<\/ul>\n<div class=\"zemanta-pixie\" style=\"margin-top: 10px; height: 15px;\"><a class=\"zemanta-pixie-a\" title=\"Reblog this post [with Zemanta]\" href=\"http:\/\/reblog.zemanta.com\/zemified\/1c9a334a-a717-4ed6-a4e5-35d786d1be58\/\" target=\"_blank\" rel=\"nofollow\"><img decoding=\"async\" class=\"zemanta-pixie-img\" style=\"border: medium none; float: right;\" src=\"http:\/\/img.zemanta.com\/reblog_e.png?x-id=1c9a334a-a717-4ed6-a4e5-35d786d1be58\" alt=\"Reblog this post [with Zemanta]\" \/><\/a><span class=\"zem-script more-related pretty-attribution\"><br \/>\n<script src=\"http:\/\/static.zemanta.com\/readside\/loader.js\" type=\"text\/javascript\"><\/script><br \/>\n<\/span><\/div>\n","protected":false},"excerpt":{"rendered":"<p>Ermeni Meselesi Ermeniler XIX. yy ortalar\u0131na kadar Osmanl\u0131 hakimiyetinde bar\u0131\u015f i\u00e7inde ya\u015fam\u0131\u015flar, devlete olan ba\u011fl\u0131l\u0131klar\u0131ndan dolay\u0131 kendilerine &#8220;millet\u2014i sad\u0131ka&#8221; denilmi\u015ftir. Frans\u0131z ihtilalinin etkisi ve Avrupal\u0131 devletlerin k\u0131\u015fk\u0131rtmalar\u0131 sonucu XIX. yy&#8217;\u0131n sonlar\u0131na do\u011fru Ermeniler ba\u011f\u0131ms\u0131z olma fikrine sahip olmu\u015flard\u0131r. Ermeni meselesi ilk kez Berlin Antla\u015fmas\u0131&#8217;nda (1878) g\u00fcnde\u00adme gelmi\u015ftir. Bu antla\u015fmada Osmanl\u0131 Devleti&#8217;nden Do\u011fu Anadolu&#8217;da Ermeniler lehine &#8230; <a title=\"Kurtulu\u015f Sava\u015f\u0131 ve Do\u011fu Cephesi\" class=\"read-more\" href=\"https:\/\/www.sorubak.com\/blog\/kurtulus-savasi-ve-dogu-cephesi.html\" aria-label=\"More on Kurtulu\u015f Sava\u015f\u0131 ve Do\u011fu Cephesi\">Devam\u0131n\u0131 oku&#8230;<\/a><\/p>\n","protected":false},"author":1,"featured_media":0,"comment_status":"open","ping_status":"open","sticky":false,"template":"","format":"standard","meta":{"footnotes":""},"categories":[7,14,20],"tags":[],"class_list":["post-1986","post","type-post","status-publish","format-standard","hentry","category-dn","category-sosyal-bilgiler","category-tc-ink-tarihi-ve-ataturkculuk"],"_links":{"self":[{"href":"https:\/\/www.sorubak.com\/blog\/wp-json\/wp\/v2\/posts\/1986","targetHints":{"allow":["GET"]}}],"collection":[{"href":"https:\/\/www.sorubak.com\/blog\/wp-json\/wp\/v2\/posts"}],"about":[{"href":"https:\/\/www.sorubak.com\/blog\/wp-json\/wp\/v2\/types\/post"}],"author":[{"embeddable":true,"href":"https:\/\/www.sorubak.com\/blog\/wp-json\/wp\/v2\/users\/1"}],"replies":[{"embeddable":true,"href":"https:\/\/www.sorubak.com\/blog\/wp-json\/wp\/v2\/comments?post=1986"}],"version-history":[{"count":0,"href":"https:\/\/www.sorubak.com\/blog\/wp-json\/wp\/v2\/posts\/1986\/revisions"}],"wp:attachment":[{"href":"https:\/\/www.sorubak.com\/blog\/wp-json\/wp\/v2\/media?parent=1986"}],"wp:term":[{"taxonomy":"category","embeddable":true,"href":"https:\/\/www.sorubak.com\/blog\/wp-json\/wp\/v2\/categories?post=1986"},{"taxonomy":"post_tag","embeddable":true,"href":"https:\/\/www.sorubak.com\/blog\/wp-json\/wp\/v2\/tags?post=1986"}],"curies":[{"name":"wp","href":"https:\/\/api.w.org\/{rel}","templated":true}]}}