{"id":1600,"date":"2010-03-06T22:27:09","date_gmt":"2010-03-06T20:27:09","guid":{"rendered":"http:\/\/www.sorubak.com\/blog\/?p=1600"},"modified":"2010-03-06T22:27:09","modified_gmt":"2010-03-06T20:27:09","slug":"benzetme-tesbih","status":"publish","type":"post","link":"https:\/\/www.sorubak.com\/blog\/benzetme-tesbih.html","title":{"rendered":"Benzetme (Te\u015fbih)"},"content":{"rendered":"<p>         Aralar\u0131nda ortak \u00f6zellik bulunan iki kavramdan nitelik y\u00f6n\u00fcnden zay\u0131f  olan\u0131n  g\u00fc\u00e7l\u00fcye benzetilerek belirgin hale getirilmesidir.<\/p>\n<p>G\u00fczel T\u00fcrk\u00e7e\u2019miz anam\u0131n s\u00fct\u00fc gibidir.(Bu \u00f6rnekte T\u00fcrk\u00e7e ;saf,temiz ve katk\u0131s\u0131z olma bak\u0131m\u0131ndan ana s\u00fct\u00fcne benzetilmi\u015ftir.)<br \/>\n <strong>        Tam bir benzetmede d\u00f6rt \u00f6\u011fe bulunur.<\/strong><br \/>\n1-Benzeyen:Bir birine benzetilen kavramlardan nitelik\u00e7e g\u00fc\u00e7s\u00fcz olan\u0131d\u0131r.<br \/>\n2-Kendisine Benzetilen:Benzetilen kavramlardan nitelik\u00e7e g\u00fc\u00e7l\u00fc olan\u0131d\u0131r.<br \/>\n3-Benzetme Y\u00f6n\u00fc:Benzeyenle benzetilen aras\u0131ndaki ortak \u00f6zelliktir.<br \/>\n4-Benzetme Y\u00f6n\u00fc:Benzetmeyle benzetilen aras\u0131nda ili\u015fkiyi kuran  s\u00f6zc\u00fckt\u00fcr.gibi,kadar,sanki\u2026\u2026<\/p>\n<p><strong><br \/>\n     CENNET            G\u0130B\u0130                 G\u00dcZEL                                 VATAN<\/strong><br \/>\nKendisine          benzetme                 benzetme                           benzeyen<br \/>\nBenzetilen           edat\u0131                         y\u00f6n\u00fc<\/p>\n<p><strong>  NOT:Benzetme yaparken her zaman bu d\u00f6rt   \u00f6genin   bulunmas\u0131 gerekmez<\/strong><\/p>\n","protected":false},"excerpt":{"rendered":"<p>Aralar\u0131nda ortak \u00f6zellik bulunan iki kavramdan nitelik y\u00f6n\u00fcnden zay\u0131f olan\u0131n g\u00fc\u00e7l\u00fcye benzetilerek belirgin hale getirilmesidir. G\u00fczel T\u00fcrk\u00e7e\u2019miz anam\u0131n s\u00fct\u00fc gibidir.(Bu \u00f6rnekte T\u00fcrk\u00e7e ;saf,temiz ve katk\u0131s\u0131z olma bak\u0131m\u0131ndan ana s\u00fct\u00fcne benzetilmi\u015ftir.) Tam bir benzetmede d\u00f6rt \u00f6\u011fe bulunur. 1-Benzeyen:Bir birine benzetilen kavramlardan nitelik\u00e7e g\u00fc\u00e7s\u00fcz olan\u0131d\u0131r. 2-Kendisine Benzetilen:Benzetilen kavramlardan nitelik\u00e7e g\u00fc\u00e7l\u00fc olan\u0131d\u0131r. 3-Benzetme Y\u00f6n\u00fc:Benzeyenle benzetilen aras\u0131ndaki ortak \u00f6zelliktir. &#8230; <a title=\"Benzetme (Te\u015fbih)\" class=\"read-more\" href=\"https:\/\/www.sorubak.com\/blog\/benzetme-tesbih.html\" aria-label=\"More on Benzetme (Te\u015fbih)\">Devam\u0131n\u0131 oku&#8230;<\/a><\/p>\n","protected":false},"author":1,"featured_media":0,"comment_status":"open","ping_status":"open","sticky":false,"template":"","format":"standard","meta":{"footnotes":""},"categories":[7,224,12],"tags":[],"class_list":["post-1600","post","type-post","status-publish","format-standard","hentry","category-dn","category-edebiyat-dil-anlatim","category-tr"],"_links":{"self":[{"href":"https:\/\/www.sorubak.com\/blog\/wp-json\/wp\/v2\/posts\/1600","targetHints":{"allow":["GET"]}}],"collection":[{"href":"https:\/\/www.sorubak.com\/blog\/wp-json\/wp\/v2\/posts"}],"about":[{"href":"https:\/\/www.sorubak.com\/blog\/wp-json\/wp\/v2\/types\/post"}],"author":[{"embeddable":true,"href":"https:\/\/www.sorubak.com\/blog\/wp-json\/wp\/v2\/users\/1"}],"replies":[{"embeddable":true,"href":"https:\/\/www.sorubak.com\/blog\/wp-json\/wp\/v2\/comments?post=1600"}],"version-history":[{"count":0,"href":"https:\/\/www.sorubak.com\/blog\/wp-json\/wp\/v2\/posts\/1600\/revisions"}],"wp:attachment":[{"href":"https:\/\/www.sorubak.com\/blog\/wp-json\/wp\/v2\/media?parent=1600"}],"wp:term":[{"taxonomy":"category","embeddable":true,"href":"https:\/\/www.sorubak.com\/blog\/wp-json\/wp\/v2\/categories?post=1600"},{"taxonomy":"post_tag","embeddable":true,"href":"https:\/\/www.sorubak.com\/blog\/wp-json\/wp\/v2\/tags?post=1600"}],"curies":[{"name":"wp","href":"https:\/\/api.w.org\/{rel}","templated":true}]}}